{"id":20917,"date":"2017-04-24T10:21:40","date_gmt":"2017-04-24T09:21:40","guid":{"rendered":"https:\/\/blogs.fu-berlin.de\/bibliotheken\/?p=20917"},"modified":"2017-04-25T09:02:14","modified_gmt":"2017-04-25T08:02:14","slug":"foto-vom-march-for-science","status":"publish","type":"post","link":"https:\/\/blogs.fu-berlin.de\/bibliotheken\/2017\/04\/24\/foto-vom-march-for-science\/","title":{"rendered":"Foto vom March for Science"},"content":{"rendered":"<p>Gesehen auf dem <a href=\"https:\/\/marchforscienceberlin.de\/\" target=\"_blank\">March for Science am 22. April 2017 in Berlin<\/a> &#8230; In \u00fcber 500 St\u00e4dten demonstrierten Menschen f\u00fcr die Freiheit von Wissenschaft und Forschung und gegen sogenannte &#8222;alternative Fakten&#8220;.<\/p>\n<p>&nbsp;<\/p>\n<p><img loading=\"lazy\" decoding=\"async\" class=\"aligncenter wp-image-20918\" src=\"https:\/\/blogs.fu-berlin.de\/bibliotheken\/files\/2017\/04\/march_science-300x225.jpg\" alt=\"march_science\" width=\"400\" height=\"300\" srcset=\"https:\/\/blogs.fu-berlin.de\/bibliotheken\/files\/2017\/04\/march_science-300x225.jpg 300w, https:\/\/blogs.fu-berlin.de\/bibliotheken\/files\/2017\/04\/march_science.jpg 800w\" sizes=\"auto, (max-width: 400px) 85vw, 400px\" \/><\/p>\n","protected":false},"excerpt":{"rendered":"<p>Gesehen auf dem March for Science am 22. April 2017 in Berlin &#8230; In \u00fcber 500 St\u00e4dten demonstrierten Menschen f\u00fcr die Freiheit von Wissenschaft und Forschung und gegen sogenannte &#8222;alternative Fakten&#8220;. &nbsp;<\/p>\n","protected":false},"author":265,"featured_media":0,"comment_status":"open","ping_status":"open","sticky":false,"template":"","format":"standard","meta":{"footnotes":""},"categories":[9],"tags":[188019],"class_list":["post-20917","post","type-post","status-publish","format-standard","hentry","category-allgemein","tag-march-of-science-2017"],"_links":{"self":[{"href":"https:\/\/blogs.fu-berlin.de\/bibliotheken\/wp-json\/wp\/v2\/posts\/20917","targetHints":{"allow":["GET"]}}],"collection":[{"href":"https:\/\/blogs.fu-berlin.de\/bibliotheken\/wp-json\/wp\/v2\/posts"}],"about":[{"href":"https:\/\/blogs.fu-berlin.de\/bibliotheken\/wp-json\/wp\/v2\/types\/post"}],"author":[{"embeddable":true,"href":"https:\/\/blogs.fu-berlin.de\/bibliotheken\/wp-json\/wp\/v2\/users\/265"}],"replies":[{"embeddable":true,"href":"https:\/\/blogs.fu-berlin.de\/bibliotheken\/wp-json\/wp\/v2\/comments?post=20917"}],"version-history":[{"count":10,"href":"https:\/\/blogs.fu-berlin.de\/bibliotheken\/wp-json\/wp\/v2\/posts\/20917\/revisions"}],"predecessor-version":[{"id":20930,"href":"https:\/\/blogs.fu-berlin.de\/bibliotheken\/wp-json\/wp\/v2\/posts\/20917\/revisions\/20930"}],"wp:attachment":[{"href":"https:\/\/blogs.fu-berlin.de\/bibliotheken\/wp-json\/wp\/v2\/media?parent=20917"}],"wp:term":[{"taxonomy":"category","embeddable":true,"href":"https:\/\/blogs.fu-berlin.de\/bibliotheken\/wp-json\/wp\/v2\/categories?post=20917"},{"taxonomy":"post_tag","embeddable":true,"href":"https:\/\/blogs.fu-berlin.de\/bibliotheken\/wp-json\/wp\/v2\/tags?post=20917"}],"curies":[{"name":"wp","href":"https:\/\/api.w.org\/{rel}","templated":true}]}}