{"id":20960,"date":"2017-05-04T12:51:39","date_gmt":"2017-05-04T11:51:39","guid":{"rendered":"https:\/\/blogs.fu-berlin.de\/bibliotheken\/?p=20960"},"modified":"2021-09-16T10:31:20","modified_gmt":"2021-09-16T09:31:20","slug":"9-mai-europa-tag","status":"publish","type":"post","link":"https:\/\/blogs.fu-berlin.de\/bibliotheken\/2017\/05\/04\/9-mai-europa-tag\/","title":{"rendered":"9. Mai &#8211; Europatag"},"content":{"rendered":"\n<p><em><span class=\"has-inline-color has-bright-red-color\">Der Betrieb des \u201eDokumentationszentrums UN \u2013 EU\u201c wird eingestellt. Die entsprechende Literatur bleibt im Bestand und ist weiterhin zug\u00e4nglich.<\/span><\/em><\/p>\n\n\n<div class=\"body field\">\n<p>Am 9. Mai ist <a href=\"https:\/\/europa.eu\/european-union\/about-eu\/symbols\/europe-day_de\">Europatag<\/a>! An diesem Tag im Jahre 1950 hielt der damalige franz\u00f6sische Au\u00dfenminister Robert Schuman in Paris eine <a href=\"https:\/\/europa.eu\/european-union\/about-eu\/symbols\/europe-day\/schuman-declaration_de\">Rede<\/a>, in der er seine Vision einer neuen Art der politischen Zusammenarbeit in Europa vorstellte &#8211; sie gilt als Grundstein der europ\u00e4ischen Integration.<\/p>\n<p>Seit 1985 wird der Europatag offiziell begangen und ist inzwischen zu einer Europa-Woche geworden. Um diesen Tag herum, \u00f6ffnen die EU-Institutionen ihre T\u00fcren f\u00fcr die B\u00fcrger. In diesem Jahr: am 6. Mai in Br\u00fcssel, am 13.\/14. Mai in Luxemburg und am 14. Mai in Stra\u00dfburg.<\/p>\n<p>Im \u00fcbrigen Europa und weltweit gibt es in den EU-Vertretungen ein Programm f\u00fcr jede Altersgruppe. In Berlin er\u00f6ffnet am 14. Mai im <a href=\"https:\/\/www.europarl.de\/de\/service\/informationsb%C3%BCro-in-berlin\">Europ\u00e4ischen Haus<\/a> eine neue Ausstellung <a href=\"https:\/\/www.erlebnis-europa.eu\/\">&#8222;Erlebnis Europa&#8220;<\/a> ihre T\u00fcren. Das Europ\u00e4ische Parlament und die Europ\u00e4ische Kommission laden gemeinsam zu einer Reise durch die Geschichte, die Institutionen und das Leben in der Europ\u00e4ischen Union ein.<\/p>\n<p>Noch mehr Informationen zur EU bekommen Sie in unserem <a class=\"external-link\" href=\"https:\/\/www.ub.fu-berlin.de\/bibliothek\/uneu\/\" rel=\"nofollow\">Dokumentationszentrum&nbsp;UN-EU<\/a>.<\/p>\n<\/div>","protected":false},"excerpt":{"rendered":"<p>Der Betrieb des \u201eDokumentationszentrums UN \u2013 EU\u201c wird eingestellt. Die entsprechende Literatur bleibt im Bestand und ist weiterhin zug\u00e4nglich. Am 9. Mai ist Europatag! An diesem Tag im Jahre 1950 hielt der damalige franz\u00f6sische Au\u00dfenminister Robert Schuman in Paris eine Rede, in der er seine Vision einer neuen Art der politischen Zusammenarbeit in Europa vorstellte &hellip; <a href=\"https:\/\/blogs.fu-berlin.de\/bibliotheken\/2017\/05\/04\/9-mai-europa-tag\/\" class=\"more-link\"><span class=\"screen-reader-text\">\u201e9. Mai &#8211; Europatag\u201c<\/span> weiterlesen<\/a><\/p>\n","protected":false},"author":2907,"featured_media":0,"comment_status":"open","ping_status":"open","sticky":false,"template":"","format":"standard","meta":{"footnotes":""},"categories":[9,70],"tags":[2458,188025,188024,1977,188026,471],"class_list":["post-20960","post","type-post","status-publish","format-standard","hentry","category-allgemein","category-veranstaltungen","tag-dokumentationszentrum-un-eu","tag-erlebnis-europa","tag-europa-tag","tag-europaische-union","tag-europaeisches-haus","tag-geschichte"],"_links":{"self":[{"href":"https:\/\/blogs.fu-berlin.de\/bibliotheken\/wp-json\/wp\/v2\/posts\/20960","targetHints":{"allow":["GET"]}}],"collection":[{"href":"https:\/\/blogs.fu-berlin.de\/bibliotheken\/wp-json\/wp\/v2\/posts"}],"about":[{"href":"https:\/\/blogs.fu-berlin.de\/bibliotheken\/wp-json\/wp\/v2\/types\/post"}],"author":[{"embeddable":true,"href":"https:\/\/blogs.fu-berlin.de\/bibliotheken\/wp-json\/wp\/v2\/users\/2907"}],"replies":[{"embeddable":true,"href":"https:\/\/blogs.fu-berlin.de\/bibliotheken\/wp-json\/wp\/v2\/comments?post=20960"}],"version-history":[{"count":10,"href":"https:\/\/blogs.fu-berlin.de\/bibliotheken\/wp-json\/wp\/v2\/posts\/20960\/revisions"}],"predecessor-version":[{"id":29435,"href":"https:\/\/blogs.fu-berlin.de\/bibliotheken\/wp-json\/wp\/v2\/posts\/20960\/revisions\/29435"}],"wp:attachment":[{"href":"https:\/\/blogs.fu-berlin.de\/bibliotheken\/wp-json\/wp\/v2\/media?parent=20960"}],"wp:term":[{"taxonomy":"category","embeddable":true,"href":"https:\/\/blogs.fu-berlin.de\/bibliotheken\/wp-json\/wp\/v2\/categories?post=20960"},{"taxonomy":"post_tag","embeddable":true,"href":"https:\/\/blogs.fu-berlin.de\/bibliotheken\/wp-json\/wp\/v2\/tags?post=20960"}],"curies":[{"name":"wp","href":"https:\/\/api.w.org\/{rel}","templated":true}]}}