{"id":21053,"date":"2017-05-16T09:09:01","date_gmt":"2017-05-16T08:09:01","guid":{"rendered":"https:\/\/blogs.fu-berlin.de\/bibliotheken\/?p=21053"},"modified":"2017-05-18T08:21:58","modified_gmt":"2017-05-18T07:21:58","slug":"chronicon-wird-vom-suchportal-europaeische-geschichte-beta-abgeloest","status":"publish","type":"post","link":"https:\/\/blogs.fu-berlin.de\/bibliotheken\/2017\/05\/16\/chronicon-wird-vom-suchportal-europaeische-geschichte-beta-abgeloest\/","title":{"rendered":"&#8222;Chronicon&#8220; wird vom Suchportal &#8222;Europ\u00e4ische Geschichte (beta)&#8220; abgel\u00f6st"},"content":{"rendered":"<p>Jahrelang bot <em>Chronicon<\/em> Informationen zur allgemeinen und europ\u00e4ischen Geschichte an. Im Portal war es m\u00f6glich, in digitalen Sammlungen und anderen Angebote der Bayerischen Staatsbibliothek und ihrer Kooperationspartner zu recherchieren. Seit gestern nun ist <em>Chronicon<\/em> selbst Geschichte, wie im einschl\u00e4gigen Fachportal <a href=\"https:\/\/dbis.ur.de\/detail.php?titel_id=804&amp;bib_id=fub\">historicum.net<\/a> nachzulesen ist. Das Angebot wird vom Suchportal <a href=\"https:\/\/www.historicum.net\/metaopac\/start.do?View=eg\">Europ\u00e4ische Geschichte<\/a> abgel\u00f6st, das sich momentan noch im Beta-Status befindet.<\/p>\n<figure id=\"attachment_21054\" aria-describedby=\"caption-attachment-21054\" style=\"width: 300px\" class=\"wp-caption alignright\"><a href=\"https:\/\/blogs.fu-berlin.de\/bibliotheken\/files\/2017\/05\/Europ\u00e4ische-Geschichte.gif\"><img loading=\"lazy\" decoding=\"async\" class=\"wp-image-21054 size-medium\" src=\"https:\/\/blogs.fu-berlin.de\/bibliotheken\/files\/2017\/05\/Europ\u00e4ische-Geschichte-300x254.gif\" alt=\"Suchportal &quot;Europ\u00e4ische Geschichte&quot; (beta)\" width=\"300\" height=\"254\" \/><\/a><figcaption id=\"caption-attachment-21054\" class=\"wp-caption-text\">Screenshot zu neuen Suchportal Europ\u00e4ische Geschichte<\/figcaption><\/figure>\n<p>Das neue Angebot passt sich der Bildschirmaufl\u00f6sung des jeweils verwendeten Endger\u00e4tes an. Eine zentrale Anmeldung, die u. a. in Berlin Studierende der FU und HU nutzen k\u00f6nnen (z. B. f\u00fcr den Zugriff auf die Aufsatzdatenbank <a href=\"https:\/\/dbis.ur.de\/detail.php?titel_id=1676&amp;bib_id=fub\">Periodicals Index Online &#8211; PIO<\/a>) ist gegenw\u00e4rtig noch nicht funktionsf\u00e4hig (s. <a href=\"https:\/\/www.historicum.net\/index.php?id=3841\">Hilfetext<\/a>), daf\u00fcr die gleichzeitige Recherche \u00fcber 17 lizenzfreie Datenquellen wie der Suchmaschine <a href=\"https:\/\/dbis.ur.de\/detail.php?titel_id=5963&amp;bib_id=fub\">BASE<\/a> und den einschl\u00e4gigen Online-Contents-Aufsatzdatenbanken.<\/p>\n<p>Nachdem die Deutschen Forschungsgemeinschaft (DFG) jahrzehntelang ein System der Sondersammelgebiete an wissenschaftlichen Bibliotheken gef\u00f6rdert hatte, wurde dieses seit 2013 sukzessive durch sogenannte <em>Fachinformationsdienste f\u00fcr die Wissenschaft<\/em> (FID) abgel\u00f6st. Der Fachinformationsdienst f\u00fcr die Geschichtswissenschaft wird von der Bayerischen Staatsbibliothek und dem Deutschen Museum in M\u00fcnchen betreut. Das Suchportal<em> Europ\u00e4ische Geschichte<\/em> ist nur ein von vielen Schritten zum Aufbau eines umfangreichen digitalen Serviceportfolios. So ist ein Relaunch f\u00fcr historicum.net f\u00fcr Herbst 2017 geplant (vgl. <a href=\"https:\/\/www.historicum.net\/recherche\/fachinformationsdienst-geschichtswissenschaft\">Vorstellung des Fachinformationsdients bei historicum.net<\/a>, April 2017).<\/p>\n<p>Wir werden die Entwicklungen in diesem Bereich weiterverfolgen und zeitnah dar\u00fcber im Biblioblog berichten.<\/p>\n","protected":false},"excerpt":{"rendered":"<p>Jahrelang bot Chronicon Informationen zur allgemeinen und europ\u00e4ischen Geschichte an. Im Portal war es m\u00f6glich, in digitalen Sammlungen und anderen Angebote der Bayerischen Staatsbibliothek und ihrer Kooperationspartner zu recherchieren. Seit gestern nun ist Chronicon selbst Geschichte, wie im einschl\u00e4gigen Fachportal historicum.net nachzulesen ist. Das Angebot wird vom Suchportal Europ\u00e4ische Geschichte abgel\u00f6st, das sich momentan noch &hellip; <a href=\"https:\/\/blogs.fu-berlin.de\/bibliotheken\/2017\/05\/16\/chronicon-wird-vom-suchportal-europaeische-geschichte-beta-abgeloest\/\" class=\"more-link\"><span class=\"screen-reader-text\">\u201e&#8222;Chronicon&#8220; wird vom Suchportal &#8222;Europ\u00e4ische Geschichte (beta)&#8220; abgel\u00f6st\u201c<\/span> weiterlesen<\/a><\/p>\n","protected":false},"author":293,"featured_media":0,"comment_status":"open","ping_status":"open","sticky":false,"template":"","format":"standard","meta":{"footnotes":""},"categories":[457,584805],"tags":[191249,471,640,382],"class_list":["post-21053","post","type-post","status-publish","format-standard","hentry","category-digitale-bibliothek","category-was-ist-neu","tag-fachinformationsdienst","tag-geschichte","tag-lizenzfrei","tag-portal"],"_links":{"self":[{"href":"https:\/\/blogs.fu-berlin.de\/bibliotheken\/wp-json\/wp\/v2\/posts\/21053","targetHints":{"allow":["GET"]}}],"collection":[{"href":"https:\/\/blogs.fu-berlin.de\/bibliotheken\/wp-json\/wp\/v2\/posts"}],"about":[{"href":"https:\/\/blogs.fu-berlin.de\/bibliotheken\/wp-json\/wp\/v2\/types\/post"}],"author":[{"embeddable":true,"href":"https:\/\/blogs.fu-berlin.de\/bibliotheken\/wp-json\/wp\/v2\/users\/293"}],"replies":[{"embeddable":true,"href":"https:\/\/blogs.fu-berlin.de\/bibliotheken\/wp-json\/wp\/v2\/comments?post=21053"}],"version-history":[{"count":7,"href":"https:\/\/blogs.fu-berlin.de\/bibliotheken\/wp-json\/wp\/v2\/posts\/21053\/revisions"}],"predecessor-version":[{"id":21063,"href":"https:\/\/blogs.fu-berlin.de\/bibliotheken\/wp-json\/wp\/v2\/posts\/21053\/revisions\/21063"}],"wp:attachment":[{"href":"https:\/\/blogs.fu-berlin.de\/bibliotheken\/wp-json\/wp\/v2\/media?parent=21053"}],"wp:term":[{"taxonomy":"category","embeddable":true,"href":"https:\/\/blogs.fu-berlin.de\/bibliotheken\/wp-json\/wp\/v2\/categories?post=21053"},{"taxonomy":"post_tag","embeddable":true,"href":"https:\/\/blogs.fu-berlin.de\/bibliotheken\/wp-json\/wp\/v2\/tags?post=21053"}],"curies":[{"name":"wp","href":"https:\/\/api.w.org\/{rel}","templated":true}]}}