{"id":21074,"date":"2017-05-26T11:00:37","date_gmt":"2017-05-26T10:00:37","guid":{"rendered":"https:\/\/blogs.fu-berlin.de\/bibliotheken\/?p=21074"},"modified":"2021-09-17T12:49:43","modified_gmt":"2021-09-17T11:49:43","slug":"transparenz-beim-brexit","status":"publish","type":"post","link":"https:\/\/blogs.fu-berlin.de\/bibliotheken\/2017\/05\/26\/transparenz-beim-brexit\/","title":{"rendered":"Transparenz beim Brexit"},"content":{"rendered":"\n<p><em><span class=\"has-inline-color has-bright-red-color\">Der Betrieb des \u201eDokumentationszentrums UN \u2013 EU\u201c wird eingestellt. Die entsprechende Literatur bleibt im Bestand und ist weiterhin zug\u00e4nglich.<\/span><\/em><\/p>\n\n\n<p>Die Vertreter der EU-Mitgliedstaaten haben der EU-Kommission am 22. Mai das Mandat erteilt, im Namen der EU27 mit dem Vereinten K\u00f6nigreich zu verhandeln.<\/p>\n<p>Da die Kommission dabei viel Wert auf Transparenz legt, werden alle Verhandlungspapiere, die mit dem EU-Mitgliedsstaaten, dem Rat der Europ\u00e4ischen Union, dem Europ\u00e4ischen Parlament, dem Europ\u00e4ischen Rat, den nationalen Parlamenten und dem Vereinigten K\u00f6nigreich geteilt werden der \u00d6ffentlichkeit <a href=\"https:\/\/ec.europa.eu\/commission\/publications\/article-50-negotiations-united-kingdom_en\">auf dieser Seite<\/a> zug\u00e4nglich gemacht.<\/p>\n<p>Durch die Vertretung der Europ\u00e4ischen Kommission in Deutschland gibt es auch <a href=\"https:\/\/ec.europa.eu\/germany\/content\/verhandlungen-mit-dem-vereinigten-k%C3%B6nigreich-gem%C3%A4%C3%9F-artikel-50-des-eu-vertrags_de\">eine deutschsprachige Website<\/a>, auf der die wichtigsten Dokumente und Reden \u00fcber die Brexit-Verhandlungen in chronologischer Reihenfolge eingestellt werden.<\/p>\n<p>Weitere Informationen zur Europ\u00e4ischen Union und auch zum <a href=\"https:\/\/fu-berlin.hosted.exlibrisgroup.com\/primo_library\/libweb\/action\/search.do?ct=facet&amp;fctN=facet_tlevel&amp;fctV=printmedia&amp;rfnGrp=2&amp;rfnGrpCounter=2&amp;frbg=&amp;rfnGrpCounter=1&amp;fn=search&amp;indx=1&amp;vl%28225423520UI1%29=all_items&amp;vl%28330455500UI0%29=any&amp;dscnt=0&amp;vl%281UIStartWith0%29=contains&amp;scp.scps=scope%3A%28FUB%29%2Cscope%3A%28FUB_Blended_2%29%2Cprimo_central_multiple_fe&amp;tb=t&amp;vid=FUB&amp;mode=Basic&amp;fctV=Universit%C3%A4tsbibliothek&amp;ct=facet&amp;rfnGrp=1&amp;srt=rank&amp;tab=fub&amp;fctN=facet_library&amp;vl%28freeText0%29=brexit&amp;dum=true&amp;dstmp=1493201912550\">Brexit<\/a> finden Sie in unserem <a href=\"https:\/\/www.fu-berlin.de\/sites\/ub\/ueber-uns\/un-eu\/index.html\">Dokumentationszentrum UN-EU<\/a>.<\/p>","protected":false},"excerpt":{"rendered":"<p>Der Betrieb des \u201eDokumentationszentrums UN \u2013 EU\u201c wird eingestellt. Die entsprechende Literatur bleibt im Bestand und ist weiterhin zug\u00e4nglich. Die Vertreter der EU-Mitgliedstaaten haben der EU-Kommission am 22. Mai das Mandat erteilt, im Namen der EU27 mit dem Vereinten K\u00f6nigreich zu verhandeln. Da die Kommission dabei viel Wert auf Transparenz legt, werden alle Verhandlungspapiere, die &hellip; <a href=\"https:\/\/blogs.fu-berlin.de\/bibliotheken\/2017\/05\/26\/transparenz-beim-brexit\/\" class=\"more-link\"><span class=\"screen-reader-text\">\u201eTransparenz beim Brexit\u201c<\/span> weiterlesen<\/a><\/p>\n","protected":false},"author":343,"featured_media":0,"comment_status":"open","ping_status":"open","sticky":false,"template":"","format":"standard","meta":{"footnotes":""},"categories":[604],"tags":[57481,2458,56945,1977],"class_list":["post-21074","post","type-post","status-publish","format-standard","hentry","category-ins-netz-geschaut","tag-brexit","tag-dokumentationszentrum-un-eu","tag-europaeische-kommission","tag-europaische-union"],"_links":{"self":[{"href":"https:\/\/blogs.fu-berlin.de\/bibliotheken\/wp-json\/wp\/v2\/posts\/21074","targetHints":{"allow":["GET"]}}],"collection":[{"href":"https:\/\/blogs.fu-berlin.de\/bibliotheken\/wp-json\/wp\/v2\/posts"}],"about":[{"href":"https:\/\/blogs.fu-berlin.de\/bibliotheken\/wp-json\/wp\/v2\/types\/post"}],"author":[{"embeddable":true,"href":"https:\/\/blogs.fu-berlin.de\/bibliotheken\/wp-json\/wp\/v2\/users\/343"}],"replies":[{"embeddable":true,"href":"https:\/\/blogs.fu-berlin.de\/bibliotheken\/wp-json\/wp\/v2\/comments?post=21074"}],"version-history":[{"count":5,"href":"https:\/\/blogs.fu-berlin.de\/bibliotheken\/wp-json\/wp\/v2\/posts\/21074\/revisions"}],"predecessor-version":[{"id":29681,"href":"https:\/\/blogs.fu-berlin.de\/bibliotheken\/wp-json\/wp\/v2\/posts\/21074\/revisions\/29681"}],"wp:attachment":[{"href":"https:\/\/blogs.fu-berlin.de\/bibliotheken\/wp-json\/wp\/v2\/media?parent=21074"}],"wp:term":[{"taxonomy":"category","embeddable":true,"href":"https:\/\/blogs.fu-berlin.de\/bibliotheken\/wp-json\/wp\/v2\/categories?post=21074"},{"taxonomy":"post_tag","embeddable":true,"href":"https:\/\/blogs.fu-berlin.de\/bibliotheken\/wp-json\/wp\/v2\/tags?post=21074"}],"curies":[{"name":"wp","href":"https:\/\/api.w.org\/{rel}","templated":true}]}}