{"id":21085,"date":"2017-05-30T09:56:42","date_gmt":"2017-05-30T08:56:42","guid":{"rendered":"https:\/\/blogs.fu-berlin.de\/bibliotheken\/?p=21085"},"modified":"2017-06-12T16:13:48","modified_gmt":"2017-06-12T15:13:48","slug":"io-qui-sottoscritto","status":"publish","type":"post","link":"https:\/\/blogs.fu-berlin.de\/bibliotheken\/2017\/05\/30\/io-qui-sottoscritto\/","title":{"rendered":"Io qui sottoscritto"},"content":{"rendered":"<p>In der Zeit vom <strong>30. Mai bis zum 30. Juni 2017<\/strong> wird vor und in Lesesaal 211 im Obergeschoss der <a href=\"https:\/\/www.jura.fu-berlin.de\/bibliothek\/index.html\">Bibliothek Rechtswissenschaft<\/a> in der <strong>Van&#8217;t-Hoff-Str. 8<\/strong>\u00a0auf dem Campus in\u00a0Dahlem\u00a0die Ausstellung<\/p>\n<p><strong>&#8222;Io qui sottoscritto&#8220; &#8211;\u00a0Testamente ber\u00fchmter Italiener\/innen<\/strong><\/p>\n<p>zu sehen sein. Die Ausstellung von 18\u00a0Testamenten ber\u00fchmter italienischer Pers\u00f6nlichkeiten wie des Freiheitsk\u00e4mpfers Giuseppe Garibaldi,\u00a0der Sopranistin und Filmschauspielerin Lina Cavalieri\u00a0und des Komponisten Giuseppe Verdi wurde in Kooperation zwischen der italienischen Notarvereinigung Consiglio Nazionale del Notariato, Rom, dem Italienzentrum der Freien Universit\u00e4t Berlin und dem Fachbereich Rechtswissenschaft vorbereitet und steht unter der Schirmherrschaft der Italienischen Botschaft in Berlin.\u00a0\u00a0<img loading=\"lazy\" decoding=\"async\" class=\"size-medium wp-image-21090 alignright\" src=\"https:\/\/blogs.fu-berlin.de\/bibliotheken\/files\/2017\/05\/IoQuiSottoscrittoAusstellungsplakat-215x300.jpg\" alt=\"IoQuiSottoscrittoAusstellungsplakat\" width=\"215\" height=\"300\" srcset=\"https:\/\/blogs.fu-berlin.de\/bibliotheken\/files\/2017\/05\/IoQuiSottoscrittoAusstellungsplakat-215x300.jpg 215w, https:\/\/blogs.fu-berlin.de\/bibliotheken\/files\/2017\/05\/IoQuiSottoscrittoAusstellungsplakat-1200x1673.jpg 1200w\" sizes=\"auto, (max-width: 215px) 85vw, 215px\" \/><\/p>\n<p>Die Ausstellung <strong>Io qui sottoscritto. Testamenti di grandi italiani<\/strong> wurde aus Anlass des Gr\u00fcndungsjubil\u00e4ums der Republik Italien bereits mehrfach mit den Originalen der Testamente mit gro\u00dfer Resonanz in verschiedenen St\u00e4dten Italiens gezeigt und war zuletzt im Mai\u00a02017 in Piacenza zu sehen. In Berlin werden die Testamente als <strong>Faksimiles mit deutschsprachiger Einf\u00fchrung<\/strong> und Erl\u00e4uterungen gezeigt.<\/p>\n<p>Die Ausstellung\u00a0kann w\u00e4hrend der <a href=\"https:\/\/www.jura.fu-berlin.de\/bibliothek\/Allgemeine_Informationen\/Oeffnungszeiten\/index.html\">\u00d6ffnungszeiten der Bibliothek Rechtswissenschaft<\/a> besucht werden. Ein Ausstellungskatalog liegt aus.<\/p>\n","protected":false},"excerpt":{"rendered":"<p>In der Zeit vom 30. Mai bis zum 30. Juni 2017 wird vor und in Lesesaal 211 im Obergeschoss der Bibliothek Rechtswissenschaft in der Van&#8217;t-Hoff-Str. 8\u00a0auf dem Campus in\u00a0Dahlem\u00a0die Ausstellung &#8222;Io qui sottoscritto&#8220; &#8211;\u00a0Testamente ber\u00fchmter Italiener\/innen zu sehen sein. Die Ausstellung von 18\u00a0Testamenten ber\u00fchmter italienischer Pers\u00f6nlichkeiten wie des Freiheitsk\u00e4mpfers Giuseppe Garibaldi,\u00a0der Sopranistin und Filmschauspielerin Lina &hellip; <a href=\"https:\/\/blogs.fu-berlin.de\/bibliotheken\/2017\/05\/30\/io-qui-sottoscritto\/\" class=\"more-link\"><span class=\"screen-reader-text\">\u201eIo qui sottoscritto\u201c<\/span> weiterlesen<\/a><\/p>\n","protected":false},"author":79,"featured_media":0,"comment_status":"open","ping_status":"open","sticky":false,"template":"","format":"standard","meta":{"footnotes":""},"categories":[600,70],"tags":[],"class_list":["post-21085","post","type-post","status-publish","format-standard","hentry","category-fachbibliotheken","category-veranstaltungen"],"_links":{"self":[{"href":"https:\/\/blogs.fu-berlin.de\/bibliotheken\/wp-json\/wp\/v2\/posts\/21085","targetHints":{"allow":["GET"]}}],"collection":[{"href":"https:\/\/blogs.fu-berlin.de\/bibliotheken\/wp-json\/wp\/v2\/posts"}],"about":[{"href":"https:\/\/blogs.fu-berlin.de\/bibliotheken\/wp-json\/wp\/v2\/types\/post"}],"author":[{"embeddable":true,"href":"https:\/\/blogs.fu-berlin.de\/bibliotheken\/wp-json\/wp\/v2\/users\/79"}],"replies":[{"embeddable":true,"href":"https:\/\/blogs.fu-berlin.de\/bibliotheken\/wp-json\/wp\/v2\/comments?post=21085"}],"version-history":[{"count":7,"href":"https:\/\/blogs.fu-berlin.de\/bibliotheken\/wp-json\/wp\/v2\/posts\/21085\/revisions"}],"predecessor-version":[{"id":21177,"href":"https:\/\/blogs.fu-berlin.de\/bibliotheken\/wp-json\/wp\/v2\/posts\/21085\/revisions\/21177"}],"wp:attachment":[{"href":"https:\/\/blogs.fu-berlin.de\/bibliotheken\/wp-json\/wp\/v2\/media?parent=21085"}],"wp:term":[{"taxonomy":"category","embeddable":true,"href":"https:\/\/blogs.fu-berlin.de\/bibliotheken\/wp-json\/wp\/v2\/categories?post=21085"},{"taxonomy":"post_tag","embeddable":true,"href":"https:\/\/blogs.fu-berlin.de\/bibliotheken\/wp-json\/wp\/v2\/tags?post=21085"}],"curies":[{"name":"wp","href":"https:\/\/api.w.org\/{rel}","templated":true}]}}