{"id":21122,"date":"2017-06-28T09:42:10","date_gmt":"2017-06-28T08:42:10","guid":{"rendered":"https:\/\/blogs.fu-berlin.de\/bibliotheken\/?p=21122"},"modified":"2021-09-16T10:28:28","modified_gmt":"2021-09-16T09:28:28","slug":"7-berliner-europa-dialog-am-04-juli-2017-tour-de-force-mit-macron-in-ein-anderes-europa","status":"publish","type":"post","link":"https:\/\/blogs.fu-berlin.de\/bibliotheken\/2017\/06\/28\/7-berliner-europa-dialog-am-04-juli-2017-tour-de-force-mit-macron-in-ein-anderes-europa\/","title":{"rendered":"7. Berliner Europa-Dialog am 04. Juli 2017: &#8222;Tour de Force \u2013 Mit Macron in ein anderes Europa?&#8220;"},"content":{"rendered":"\n<p><em><span class=\"has-inline-color has-bright-red-color\">Der Betrieb des \u201eDokumentationszentrums UN \u2013 EU\u201c wird eingestellt. Die entsprechende Literatur bleibt im Bestand und ist weiterhin zug\u00e4nglich.<\/span><\/em><\/p>\n\n\n<p>Der sozialliberale Proeurop\u00e4er Emmanuel Macron hat die franz\u00f6sischen Pr\u00e4sidentschaftswahlen gewonnen. Europa atmete nach seinem Wahlsieg auf \u2013 die Mehrheit in der Nationalversammlung ist gesichert. Nun kommt es auf den Gestaltungswillen und die Durchsetzungskraft von Macron an, Reformen anzugehen. Diese Vorhaben sto\u00dfen in Deutschland teilweise auf Kritik, denn die Vertreter der finanzpolitischen harten Linie wollen keine finanziellen Spielr\u00e4ume er\u00f6ffnen, auch wenn Macron die Einf\u00fchrung von Eurobonds ablehnt.<br>\nWelche Ursache hat der fundamentale Wandel des Wahlverhaltens in Frankreich? Bietet das Wahlergebnis Anlass zur Beruhigung oder bleibt der Front National auch weiterhin \u2013 gerade mit einer weiter auf die politische Mitte abzielenden Strategie \u2013 eine anhaltende Bedrohung? Wie sollten sich Deutschland und die EU gegen\u00fcber Pr\u00e4sident Macron verhalten, um die Reformvorhaben in Frankreich zu unterst\u00fctzen?<\/p>\n<p>Diese und weitere Fragen m\u00f6chten wir mit Ihnen und den weiteren Teilnehmerinnen und Teilnehmern unserer Gespr\u00e4chsrunde diskutieren:<\/p>\n<p><strong> 4. Juli 2017 von 18:30\u201320:30 Uhr<\/strong> in der Freien Universit\u00e4t Berlin, <strong>Henry-Ford-Bau, H\u00f6rsaal A, Garystra\u00dfe, 14195 Berlin-Dahlem<\/strong> (U3 Freie Universit\u00e4t, ehem. Thielplatz)<\/p>\n<p>Moderation: Prof. Dr. <strong>Miriam Hartlapp<\/strong> (FU Berlin, OSI).<\/p>\n<p>ReferentInnen:<\/p>\n<ul>\n<li><strong>E. Anne-Marie Desc\u00f4tes<\/strong>, Botschafterin Frankreichs in Deutschland (angefragt)<\/li>\n<li><strong>Pascal Thibaut<\/strong>, Deutschland-Korrespondent Radio France International<\/li>\n<li><strong>Emmanuel Droit,<\/strong> Direktor des Centre Marc Bloch, Humboldt-Universit\u00e4t zu Berlin<\/li>\n<li><strong>Felix Lennart Hake<\/strong>, Pr\u00e4sident des Deutsch-Franz\u00f6sischen Jugendausschusses<\/li>\n<\/ul>\n<p>Wir w\u00fcrden uns freuen, Sie zu der Podiumsdiskussion begr\u00fc\u00dfen zu d\u00fcrfen. Die Veranstaltung ist \u00f6ffentlich, der Eintritt frei.<\/p>\n<p>Die Veranstaltung im Rahmen der Reihe Berliner Europa-Dialog wird kooperativ organisiert vom Dokumentationszentrum Vereinte Nationen \u2013 Europ\u00e4ische Union der Freien Universit\u00e4t Berlin, dem Europ\u00e4ischen Informationszentrum Berlin (Tr\u00e4ger: Deutsche Gesellschaft e.V.) sowie der Europa-Union Berlin e.V<\/p>\n<p>Weiter Informationen zur Europ\u00e4ischen Union finden Sie in unserem <a href=\"https:\/\/www.fu-berlin.de\/sites\/ub\/ueber-uns\/un-eu\/index.html\">Dokumentationszentrum UN-EU<\/a><\/p>","protected":false},"excerpt":{"rendered":"<p>Der Betrieb des \u201eDokumentationszentrums UN \u2013 EU\u201c wird eingestellt. Die entsprechende Literatur bleibt im Bestand und ist weiterhin zug\u00e4nglich. Der sozialliberale Proeurop\u00e4er Emmanuel Macron hat die franz\u00f6sischen Pr\u00e4sidentschaftswahlen gewonnen. Europa atmete nach seinem Wahlsieg auf \u2013 die Mehrheit in der Nationalversammlung ist gesichert. Nun kommt es auf den Gestaltungswillen und die Durchsetzungskraft von Macron an, &hellip; <a href=\"https:\/\/blogs.fu-berlin.de\/bibliotheken\/2017\/06\/28\/7-berliner-europa-dialog-am-04-juli-2017-tour-de-force-mit-macron-in-ein-anderes-europa\/\" class=\"more-link\"><span class=\"screen-reader-text\">\u201e7. Berliner Europa-Dialog am 04. Juli 2017: &#8222;Tour de Force \u2013 Mit Macron in ein anderes Europa?&#8220;\u201c<\/span> weiterlesen<\/a><\/p>\n","protected":false},"author":2907,"featured_media":0,"comment_status":"open","ping_status":"open","sticky":false,"template":"","format":"standard","meta":{"footnotes":""},"categories":[70],"tags":[56901,2458,191258,1222],"class_list":["post-21122","post","type-post","status-publish","format-standard","hentry","category-veranstaltungen","tag-berliner-europa-dialog","tag-dokumentationszentrum-un-eu","tag-emmanuel-macron","tag-frankreich"],"_links":{"self":[{"href":"https:\/\/blogs.fu-berlin.de\/bibliotheken\/wp-json\/wp\/v2\/posts\/21122","targetHints":{"allow":["GET"]}}],"collection":[{"href":"https:\/\/blogs.fu-berlin.de\/bibliotheken\/wp-json\/wp\/v2\/posts"}],"about":[{"href":"https:\/\/blogs.fu-berlin.de\/bibliotheken\/wp-json\/wp\/v2\/types\/post"}],"author":[{"embeddable":true,"href":"https:\/\/blogs.fu-berlin.de\/bibliotheken\/wp-json\/wp\/v2\/users\/2907"}],"replies":[{"embeddable":true,"href":"https:\/\/blogs.fu-berlin.de\/bibliotheken\/wp-json\/wp\/v2\/comments?post=21122"}],"version-history":[{"count":13,"href":"https:\/\/blogs.fu-berlin.de\/bibliotheken\/wp-json\/wp\/v2\/posts\/21122\/revisions"}],"predecessor-version":[{"id":29427,"href":"https:\/\/blogs.fu-berlin.de\/bibliotheken\/wp-json\/wp\/v2\/posts\/21122\/revisions\/29427"}],"wp:attachment":[{"href":"https:\/\/blogs.fu-berlin.de\/bibliotheken\/wp-json\/wp\/v2\/media?parent=21122"}],"wp:term":[{"taxonomy":"category","embeddable":true,"href":"https:\/\/blogs.fu-berlin.de\/bibliotheken\/wp-json\/wp\/v2\/categories?post=21122"},{"taxonomy":"post_tag","embeddable":true,"href":"https:\/\/blogs.fu-berlin.de\/bibliotheken\/wp-json\/wp\/v2\/tags?post=21122"}],"curies":[{"name":"wp","href":"https:\/\/api.w.org\/{rel}","templated":true}]}}