{"id":21150,"date":"2017-06-09T15:06:13","date_gmt":"2017-06-09T14:06:13","guid":{"rendered":"https:\/\/blogs.fu-berlin.de\/bibliotheken\/?p=21150"},"modified":"2017-10-06T08:08:48","modified_gmt":"2017-10-06T07:08:48","slug":"bob-dylans-nobelpreisrede-online","status":"publish","type":"post","link":"https:\/\/blogs.fu-berlin.de\/bibliotheken\/2017\/06\/09\/bob-dylans-nobelpreisrede-online\/","title":{"rendered":"Bob Dylans Nobelpreisrede online"},"content":{"rendered":"<figure id=\"attachment_19840\" aria-describedby=\"caption-attachment-19840\" style=\"width: 235px\" class=\"wp-caption alignright\"><a href=\"https:\/\/blogs.fu-berlin.de\/bibliotheken\/files\/2016\/10\/Bob-Dylan.jpg\"><img loading=\"lazy\" decoding=\"async\" class=\"wp-image-19840 size-medium\" src=\"https:\/\/blogs.fu-berlin.de\/bibliotheken\/files\/2016\/10\/Bob-Dylan-235x300.jpg\" alt=\"Bob Dylan\" width=\"235\" height=\"300\" srcset=\"https:\/\/blogs.fu-berlin.de\/bibliotheken\/files\/2016\/10\/Bob-Dylan-235x300.jpg 235w, https:\/\/blogs.fu-berlin.de\/bibliotheken\/files\/2016\/10\/Bob-Dylan-768x980.jpg 768w, https:\/\/blogs.fu-berlin.de\/bibliotheken\/files\/2016\/10\/Bob-Dylan.jpg 856w\" sizes=\"auto, (max-width: 235px) 85vw, 235px\" \/><\/a><figcaption id=\"caption-attachment-19840\" class=\"wp-caption-text\">Bob Dylan (2010)<\/figcaption><\/figure>\n<p>Nachdem Bob Dylan letzten Oktober den Literaturnobelpreis zuerkannt bekam (<a href=\"https:\/\/blogs.fu-berlin.de\/bibliotheken\/2016\/10\/13\/literaturnobelpreis-an-bob-dylan\/\">biblioblog berichtete<\/a>), lie\u00df sich der US-amerikanische Singer-Songwriter viel Zeit, mit der Nobelpreisakademie in Kontakt zu treten. Erst zwei Wochen sp\u00e4ter gab Dylan an, dass der Preis eine Ehre f\u00fcr ihn sei. Eine Absage f\u00fcr die offizielle Nobelpreisverleihung am 10. Dezember folgte Anfang April ein Treffen mit den Akademiemitgliedern in Stockholm &#8211; Dylan hatte sich f\u00fcr ein Konzert in der schwedischen Hauptstadt befunden.<\/p>\n<p>Doch um die acht Mio. schwedische Kronen (ca. 817.000 EUR) an Preisgeld zu behalten, fehlte noch die obligatorische Preisrede, die der Laureat zu halten hat. Im Falle von Bob Dylan war der 10. Juni Stichtag. Seit Anfang der Woche ist seine <em>Nobel Lecture<\/em> nun endlich <a href=\"https:\/\/www.nobelprize.org\/nobel_prizes\/literature\/laureates\/2016\/dylan-lecture.html\">via nobelprize.org<\/a> und auch als <a href=\"https:\/\/www.nobelprize.org\/nobel_prizes\/literature\/laureates\/2016\/dylan-lecture.html\">Audiodatei via Soundcloud<\/a> verf\u00fcgbar. Mit seiner rauen, rhythmischen Stimme sprach der Musiker unter Jazz-Klavierkl\u00e4ngen den Text selber ein und gibt u. a. Herman Melvilles <em>Moby Dick<\/em>, Erich Maria Remarques <em>Im Westen nichts Neues<\/em> und Homers <em>Odyssee<\/em> als ihn pr\u00e4gende B\u00fccher an.<\/p>\n<h6>(Bild: <a href=\"https:\/\/commons.wikimedia.org\/wiki\/File:Bob_Dylan_-_Azkena_Rock_Festival_2010_2.jpg\">Alberto Cabello, Lizenz: CC-BY-2.0<\/a>)<\/h6>\n","protected":false},"excerpt":{"rendered":"<p>Nachdem Bob Dylan letzten Oktober den Literaturnobelpreis zuerkannt bekam (biblioblog berichtete), lie\u00df sich der US-amerikanische Singer-Songwriter viel Zeit, mit der Nobelpreisakademie in Kontakt zu treten. Erst zwei Wochen sp\u00e4ter gab Dylan an, dass der Preis eine Ehre f\u00fcr ihn sei. Eine Absage f\u00fcr die offizielle Nobelpreisverleihung am 10. Dezember folgte Anfang April ein Treffen mit &hellip; <a href=\"https:\/\/blogs.fu-berlin.de\/bibliotheken\/2017\/06\/09\/bob-dylans-nobelpreisrede-online\/\" class=\"more-link\"><span class=\"screen-reader-text\">\u201eBob Dylans Nobelpreisrede online\u201c<\/span> weiterlesen<\/a><\/p>\n","protected":false},"author":293,"featured_media":0,"comment_status":"open","ping_status":"open","sticky":false,"template":"","format":"standard","meta":{"footnotes":""},"categories":[9,604,492],"tags":[191264,196583,191265],"class_list":["post-21150","post","type-post","status-publish","format-standard","hentry","category-allgemein","category-ins-netz-geschaut","category-literaturtipps","tag-bob-dylan","tag-literaturnobelpreis","tag-nobel-lecture"],"_links":{"self":[{"href":"https:\/\/blogs.fu-berlin.de\/bibliotheken\/wp-json\/wp\/v2\/posts\/21150","targetHints":{"allow":["GET"]}}],"collection":[{"href":"https:\/\/blogs.fu-berlin.de\/bibliotheken\/wp-json\/wp\/v2\/posts"}],"about":[{"href":"https:\/\/blogs.fu-berlin.de\/bibliotheken\/wp-json\/wp\/v2\/types\/post"}],"author":[{"embeddable":true,"href":"https:\/\/blogs.fu-berlin.de\/bibliotheken\/wp-json\/wp\/v2\/users\/293"}],"replies":[{"embeddable":true,"href":"https:\/\/blogs.fu-berlin.de\/bibliotheken\/wp-json\/wp\/v2\/comments?post=21150"}],"version-history":[{"count":7,"href":"https:\/\/blogs.fu-berlin.de\/bibliotheken\/wp-json\/wp\/v2\/posts\/21150\/revisions"}],"predecessor-version":[{"id":21162,"href":"https:\/\/blogs.fu-berlin.de\/bibliotheken\/wp-json\/wp\/v2\/posts\/21150\/revisions\/21162"}],"wp:attachment":[{"href":"https:\/\/blogs.fu-berlin.de\/bibliotheken\/wp-json\/wp\/v2\/media?parent=21150"}],"wp:term":[{"taxonomy":"category","embeddable":true,"href":"https:\/\/blogs.fu-berlin.de\/bibliotheken\/wp-json\/wp\/v2\/categories?post=21150"},{"taxonomy":"post_tag","embeddable":true,"href":"https:\/\/blogs.fu-berlin.de\/bibliotheken\/wp-json\/wp\/v2\/tags?post=21150"}],"curies":[{"name":"wp","href":"https:\/\/api.w.org\/{rel}","templated":true}]}}