{"id":21164,"date":"2017-06-12T13:24:04","date_gmt":"2017-06-12T12:24:04","guid":{"rendered":"https:\/\/blogs.fu-berlin.de\/bibliotheken\/?p=21164"},"modified":"2017-06-12T13:24:04","modified_gmt":"2017-06-12T12:24:04","slug":"neu-in-primo-semesterlisten-und-universitaetsbibliographie","status":"publish","type":"post","link":"https:\/\/blogs.fu-berlin.de\/bibliotheken\/2017\/06\/12\/neu-in-primo-semesterlisten-und-universitaetsbibliographie\/","title":{"rendered":"Neu in Primo: Semesterlisten und Universit\u00e4tsbibliographie"},"content":{"rendered":"<p><img loading=\"lazy\" decoding=\"async\" class=\"alignright wp-image-21167 size-full\" src=\"https:\/\/blogs.fu-berlin.de\/bibliotheken\/files\/2017\/06\/semesterlisten.gif\" alt=\"semesterlisten\" width=\"883\" height=\"626\" \/>Das Bibliotheksportal Primo ist um 2 neue Suchr\u00e4ume erweitert worden. Alle Suchr\u00e4ume sind zudem beschriftet worden.<\/p>\n<h2>Semesterlisten<\/h2>\n<p>Semesterlisten enthalten die f\u00fcr eine Lehrveranstaltung ben\u00f6tigte Literatur, die von DozentInnen f\u00fcr das jeweils laufende Semester zusammengestellt werden.<\/p>\n<p>Diese Titel sollen allen Studierenden w\u00e4hrend der Vorlesungszeit zur Verf\u00fcgung stehen und sind daher im aktuellen Semester nicht ausleihbar. Die B\u00fccher stehen an ihrem jeweiligen Standort im Regal (=Virtuelle Semesterliste) oder an Sonderstandorten zusammen im Regal.<\/p>\n<p>F\u00fcr die Suche gibt es die Filterm\u00f6glichkeit nach Kurs Name, Nummer und DozentIn.<\/p>\n<h2>Universit\u00e4tsbibliographie<\/h2>\n<p>Die <a href=\"https:\/\/www.fu-berlin.de\/sites\/ub\/ueber-uns\/unibibliographie\/index.html\" target=\"_blank\">Universit\u00e4tsbibliographie<\/a> verzeichnet Ver\u00f6ffentlichungen der Mitglieder der Freien Universit\u00e4t Berlin.<\/p>\n<p>Nach der Umstellung auf die Bibliothekssoftware Alma werden die Daten der Unibibliographie jetzt auch im Bibliotheksportal Primo angezeigt.<\/p>\n<p>Bitte beachten Sie, dass eine Verlinkung zum Volltext nur in Ausnahmef\u00e4llen vorhanden ist, beispielsweise, wenn der Volltext auf dem hochschuleigenen Dokumentenserver abgelegt wurde. Wenn man ein Werk lesen m\u00f6chte, sollte es demnach im FU-Katalog oder deutschlandweit im Portal des KOBV gesucht werden.<\/p>\n<p>Die Arbeiten an der Universit\u00e4tsbibliographie sind noch nicht abgeschlossen &#8230; die Daten stehen aber zur Verf\u00fcgung.<\/p>\n<p>&nbsp;<\/p>\n","protected":false},"excerpt":{"rendered":"<p>Das Bibliotheksportal Primo ist um 2 neue Suchr\u00e4ume erweitert worden. Alle Suchr\u00e4ume sind zudem beschriftet worden. Semesterlisten Semesterlisten enthalten die f\u00fcr eine Lehrveranstaltung ben\u00f6tigte Literatur, die von DozentInnen f\u00fcr das jeweils laufende Semester zusammengestellt werden. Diese Titel sollen allen Studierenden w\u00e4hrend der Vorlesungszeit zur Verf\u00fcgung stehen und sind daher im aktuellen Semester nicht ausleihbar. Die &hellip; <a href=\"https:\/\/blogs.fu-berlin.de\/bibliotheken\/2017\/06\/12\/neu-in-primo-semesterlisten-und-universitaetsbibliographie\/\" class=\"more-link\"><span class=\"screen-reader-text\">\u201eNeu in Primo: Semesterlisten und Universit\u00e4tsbibliographie\u201c<\/span> weiterlesen<\/a><\/p>\n","protected":false},"author":265,"featured_media":0,"comment_status":"open","ping_status":"open","sticky":false,"template":"","format":"standard","meta":{"footnotes":""},"categories":[518],"tags":[191266,971],"class_list":["post-21164","post","type-post","status-publish","format-standard","hentry","category-fu-kataloge","tag-semesterlisten","tag-universitatsbibliographie"],"_links":{"self":[{"href":"https:\/\/blogs.fu-berlin.de\/bibliotheken\/wp-json\/wp\/v2\/posts\/21164","targetHints":{"allow":["GET"]}}],"collection":[{"href":"https:\/\/blogs.fu-berlin.de\/bibliotheken\/wp-json\/wp\/v2\/posts"}],"about":[{"href":"https:\/\/blogs.fu-berlin.de\/bibliotheken\/wp-json\/wp\/v2\/types\/post"}],"author":[{"embeddable":true,"href":"https:\/\/blogs.fu-berlin.de\/bibliotheken\/wp-json\/wp\/v2\/users\/265"}],"replies":[{"embeddable":true,"href":"https:\/\/blogs.fu-berlin.de\/bibliotheken\/wp-json\/wp\/v2\/comments?post=21164"}],"version-history":[{"count":6,"href":"https:\/\/blogs.fu-berlin.de\/bibliotheken\/wp-json\/wp\/v2\/posts\/21164\/revisions"}],"predecessor-version":[{"id":21172,"href":"https:\/\/blogs.fu-berlin.de\/bibliotheken\/wp-json\/wp\/v2\/posts\/21164\/revisions\/21172"}],"wp:attachment":[{"href":"https:\/\/blogs.fu-berlin.de\/bibliotheken\/wp-json\/wp\/v2\/media?parent=21164"}],"wp:term":[{"taxonomy":"category","embeddable":true,"href":"https:\/\/blogs.fu-berlin.de\/bibliotheken\/wp-json\/wp\/v2\/categories?post=21164"},{"taxonomy":"post_tag","embeddable":true,"href":"https:\/\/blogs.fu-berlin.de\/bibliotheken\/wp-json\/wp\/v2\/tags?post=21164"}],"curies":[{"name":"wp","href":"https:\/\/api.w.org\/{rel}","templated":true}]}}