{"id":2128,"date":"2009-10-05T12:19:05","date_gmt":"2009-10-05T11:19:05","guid":{"rendered":"https:\/\/blogs.fu-berlin.de\/bibliotheken\/?p=2128"},"modified":"2009-10-05T12:19:05","modified_gmt":"2009-10-05T11:19:05","slug":"kursprogramm-der-ub-jetzt-anmelden","status":"publish","type":"post","link":"https:\/\/blogs.fu-berlin.de\/bibliotheken\/2009\/10\/05\/kursprogramm-der-ub-jetzt-anmelden\/","title":{"rendered":"Kursprogramm der UB: Jetzt anmelden!"},"content":{"rendered":"<p>Was sind sinnvolle Startpunkte f\u00fcr die Suche Literatur?  Wie funktioniert der FU-Katalog? Was bietet die Digitale Bibliothek der FU Berlin? Wie sucht man effizient in Datenbanken? Wie funktioniert die Fernleihe? Was muss beim Zitieren beachtet werden? Was k\u00f6nnnen Literaturverwaltungsprogramme leisten?<\/p>\n<p>Antworten auf diese und weitere Fragestellungen geben die <a href=\"https:\/\/www.ub.fu-berlin.de\/service_neu\/einfuehrung\/\">Einf\u00fchrungsveranstaltungen der UB<\/a>, die von den MitarbeiterInnen des Informationszentrums durchgef\u00fchrt werden.<\/p>\n<p>F\u00fcr die Veranstaltungen kann sich jede\/r Bibliotheksnutzer\/in im Informationszentrum anmelden. F\u00fcr einige fachbezogene Kurse gibt es ab dem Wintersemester 2009\/2010 ein neues Konzept: es k\u00f6nnen individuelle Termine mit den DozentInnen abgesprochen werden; tun Sie sich nach M\u00f6glichkeit zu Kleingruppen zusammen; aber auch Einzeltraining kann &#8211; je nach Kapazit\u00e4t des Informationszentrums &#8211; vereinbart werden.<\/p>\n<p>\u00dcbrigens, FU-Studierende k\u00f6nnen sich &#8222;Informationskompetenz&#8220; auch im Rahmen des Bachelorstudiums erwerben: als <a href=\"https:\/\/www.fu-berlin.de\/vorlesungsverzeichnis\/ws0910\/ze-daten\/016004001001001001.html\">Modul D f\u00fcr die Allgemeine Berufsvorbereitung (ABV)<\/a>.<\/p>\n","protected":false},"excerpt":{"rendered":"<p>Was sind sinnvolle Startpunkte f\u00fcr die Suche Literatur? Wie funktioniert der FU-Katalog? Was bietet die Digitale Bibliothek der FU Berlin? Wie sucht man effizient in Datenbanken? Wie funktioniert die Fernleihe? Was muss beim Zitieren beachtet werden? Was k\u00f6nnnen Literaturverwaltungsprogramme leisten? Antworten auf diese und weitere Fragestellungen geben die Einf\u00fchrungsveranstaltungen der UB, die von den MitarbeiterInnen &hellip; <a href=\"https:\/\/blogs.fu-berlin.de\/bibliotheken\/2009\/10\/05\/kursprogramm-der-ub-jetzt-anmelden\/\" class=\"more-link\"><span class=\"screen-reader-text\">\u201eKursprogramm der UB: Jetzt anmelden!\u201c<\/span> weiterlesen<\/a><\/p>\n","protected":false},"author":265,"featured_media":0,"comment_status":"open","ping_status":"open","sticky":false,"template":"","format":"standard","meta":{"footnotes":""},"categories":[491],"tags":[790,191242,940],"class_list":["post-2128","post","type-post","status-publish","format-standard","hentry","category-lernangebote-kurse","tag-benutzerschulung","tag-informations-kompetenz","tag-kursprogramm"],"_links":{"self":[{"href":"https:\/\/blogs.fu-berlin.de\/bibliotheken\/wp-json\/wp\/v2\/posts\/2128","targetHints":{"allow":["GET"]}}],"collection":[{"href":"https:\/\/blogs.fu-berlin.de\/bibliotheken\/wp-json\/wp\/v2\/posts"}],"about":[{"href":"https:\/\/blogs.fu-berlin.de\/bibliotheken\/wp-json\/wp\/v2\/types\/post"}],"author":[{"embeddable":true,"href":"https:\/\/blogs.fu-berlin.de\/bibliotheken\/wp-json\/wp\/v2\/users\/265"}],"replies":[{"embeddable":true,"href":"https:\/\/blogs.fu-berlin.de\/bibliotheken\/wp-json\/wp\/v2\/comments?post=2128"}],"version-history":[{"count":11,"href":"https:\/\/blogs.fu-berlin.de\/bibliotheken\/wp-json\/wp\/v2\/posts\/2128\/revisions"}],"predecessor-version":[{"id":2863,"href":"https:\/\/blogs.fu-berlin.de\/bibliotheken\/wp-json\/wp\/v2\/posts\/2128\/revisions\/2863"}],"wp:attachment":[{"href":"https:\/\/blogs.fu-berlin.de\/bibliotheken\/wp-json\/wp\/v2\/media?parent=2128"}],"wp:term":[{"taxonomy":"category","embeddable":true,"href":"https:\/\/blogs.fu-berlin.de\/bibliotheken\/wp-json\/wp\/v2\/categories?post=2128"},{"taxonomy":"post_tag","embeddable":true,"href":"https:\/\/blogs.fu-berlin.de\/bibliotheken\/wp-json\/wp\/v2\/tags?post=2128"}],"curies":[{"name":"wp","href":"https:\/\/api.w.org\/{rel}","templated":true}]}}