{"id":21301,"date":"2017-07-13T14:53:06","date_gmt":"2017-07-13T13:53:06","guid":{"rendered":"https:\/\/blogs.fu-berlin.de\/bibliotheken\/?p=21301"},"modified":"2021-09-17T12:49:00","modified_gmt":"2021-09-17T11:49:00","slug":"informationen-ueber-terrorismus-im-jahr-2016","status":"publish","type":"post","link":"https:\/\/blogs.fu-berlin.de\/bibliotheken\/2017\/07\/13\/informationen-ueber-terrorismus-im-jahr-2016\/","title":{"rendered":"Informationen \u00fcber Terrorismus im Jahr 2016"},"content":{"rendered":"\n<p><em><span class=\"has-inline-color has-bright-red-color\">Der Betrieb des \u201eDokumentationszentrums UN \u2013 EU\u201c wird eingestellt. Die entsprechende Literatur bleibt im Bestand und ist weiterhin zug\u00e4nglich.<\/span><\/em><\/p>\n\n\n<p><img loading=\"lazy\" decoding=\"async\" class=\"size-medium wp-image-21302 alignright\" src=\"https:\/\/blogs.fu-berlin.de\/bibliotheken\/files\/2017\/07\/TE-SAT-2016-Cover-211x300.jpg\" alt=\"TE-SAT 2016 Cover\" width=\"211\" height=\"300\" srcset=\"https:\/\/blogs.fu-berlin.de\/bibliotheken\/files\/2017\/07\/TE-SAT-2016-Cover-211x300.jpg 211w, https:\/\/blogs.fu-berlin.de\/bibliotheken\/files\/2017\/07\/TE-SAT-2016-Cover.jpg 603w\" sizes=\"auto, (max-width: 211px) 85vw, 211px\" \/>Der <strong>European Union terrorism situation and trend report<\/strong>, kurz&nbsp;TE-SAT, wird jedes Jahr erneut von Europol herausgegeben und stellt einen \u00dcberblick bez\u00fcglich des Terrorismus in Europa dar.<\/p>\n<p>In diesem Report sind alle Daten \u00fcber den Terrorismus in Europa f\u00fcr das Jahr 2016 zusammengestellt. Er ist ein Werkzeug f\u00fcr die Planung von politischen Entscheidungstr\u00e4gern und Strafverfolgungsbeamten.<\/p>\n<p><span id=\"result_box\" class=\"\" lang=\"de\"><span title=\"The TE-SAT is prepared by experts at Europol and is based on information provided and verified by EU Member States and by Europol\u2019s partners.\">Der TE-SAT wird von Experten bei Europol erstellt und basiert auf Informationen, die von den EU-Mitgliedstaaten und von den Partnern von Europol bereitgestellt und \u00fcberpr\u00fcft werden. <\/span><span title=\"It also relies on quantitative and qualitative data that Eurojust and the Member States provide. \">Sie st\u00fctzt sich auch auf quantitative und qualitative Daten, die Eurojust und die Mitgliedstaaten vorsehen.<\/span><\/span><\/p>\n<p>Der aktuell TE-SAT kann eingesehen <a href=\"https:\/\/primo.fu-berlin.de\/FUB:TN_eu_bkvtls000384236\">hier<\/a> online eingesehen werden.<\/p>\n<p>Weitere Informationen zur Europ\u00e4ischen Union finden Sie in unserem <a href=\"https:\/\/www.fu-berlin.de\/sites\/ub\/ueber-uns\/un-eu\/index.html\">Dokumentationszentrum UN-EU<\/a>.<\/p>","protected":false},"excerpt":{"rendered":"<p>Der Betrieb des \u201eDokumentationszentrums UN \u2013 EU\u201c wird eingestellt. Die entsprechende Literatur bleibt im Bestand und ist weiterhin zug\u00e4nglich. Der European Union terrorism situation and trend report, kurz&nbsp;TE-SAT, wird jedes Jahr erneut von Europol herausgegeben und stellt einen \u00dcberblick bez\u00fcglich des Terrorismus in Europa dar. In diesem Report sind alle Daten \u00fcber den Terrorismus in &hellip; <a href=\"https:\/\/blogs.fu-berlin.de\/bibliotheken\/2017\/07\/13\/informationen-ueber-terrorismus-im-jahr-2016\/\" class=\"more-link\"><span class=\"screen-reader-text\">\u201eInformationen \u00fcber Terrorismus im Jahr 2016\u201c<\/span> weiterlesen<\/a><\/p>\n","protected":false},"author":343,"featured_media":0,"comment_status":"open","ping_status":"open","sticky":false,"template":"","format":"standard","meta":{"footnotes":""},"categories":[604],"tags":[2458,1977,191281],"class_list":["post-21301","post","type-post","status-publish","format-standard","hentry","category-ins-netz-geschaut","tag-dokumentationszentrum-un-eu","tag-europaische-union","tag-europol"],"_links":{"self":[{"href":"https:\/\/blogs.fu-berlin.de\/bibliotheken\/wp-json\/wp\/v2\/posts\/21301","targetHints":{"allow":["GET"]}}],"collection":[{"href":"https:\/\/blogs.fu-berlin.de\/bibliotheken\/wp-json\/wp\/v2\/posts"}],"about":[{"href":"https:\/\/blogs.fu-berlin.de\/bibliotheken\/wp-json\/wp\/v2\/types\/post"}],"author":[{"embeddable":true,"href":"https:\/\/blogs.fu-berlin.de\/bibliotheken\/wp-json\/wp\/v2\/users\/343"}],"replies":[{"embeddable":true,"href":"https:\/\/blogs.fu-berlin.de\/bibliotheken\/wp-json\/wp\/v2\/comments?post=21301"}],"version-history":[{"count":7,"href":"https:\/\/blogs.fu-berlin.de\/bibliotheken\/wp-json\/wp\/v2\/posts\/21301\/revisions"}],"predecessor-version":[{"id":29677,"href":"https:\/\/blogs.fu-berlin.de\/bibliotheken\/wp-json\/wp\/v2\/posts\/21301\/revisions\/29677"}],"wp:attachment":[{"href":"https:\/\/blogs.fu-berlin.de\/bibliotheken\/wp-json\/wp\/v2\/media?parent=21301"}],"wp:term":[{"taxonomy":"category","embeddable":true,"href":"https:\/\/blogs.fu-berlin.de\/bibliotheken\/wp-json\/wp\/v2\/categories?post=21301"},{"taxonomy":"post_tag","embeddable":true,"href":"https:\/\/blogs.fu-berlin.de\/bibliotheken\/wp-json\/wp\/v2\/tags?post=21301"}],"curies":[{"name":"wp","href":"https:\/\/api.w.org\/{rel}","templated":true}]}}