{"id":21387,"date":"2017-08-10T10:00:35","date_gmt":"2017-08-10T09:00:35","guid":{"rendered":"https:\/\/blogs.fu-berlin.de\/bibliotheken\/?p=21387"},"modified":"2021-09-16T10:27:10","modified_gmt":"2021-09-16T09:27:10","slug":"informationen-der-eu-zum-reisen-in-und-nach-europa","status":"publish","type":"post","link":"https:\/\/blogs.fu-berlin.de\/bibliotheken\/2017\/08\/10\/informationen-der-eu-zum-reisen-in-und-nach-europa\/","title":{"rendered":"Informationen der EU zum Reisen in und nach Europa"},"content":{"rendered":"\n<p><em><span class=\"has-inline-color has-bright-red-color\">Der Betrieb des \u201eDokumentationszentrums UN \u2013 EU\u201c wird eingestellt. Die entsprechende Literatur bleibt im Bestand und ist weiterhin zug\u00e4nglich.<\/span><\/em><\/p>\n\n\n<p><img loading=\"lazy\" decoding=\"async\" class=\"size-medium wp-image-21388 alignright\" src=\"https:\/\/blogs.fu-berlin.de\/bibliotheken\/files\/2017\/08\/Unbenannt-116x300.jpg\" alt=\"\" width=\"116\" height=\"300\" srcset=\"https:\/\/blogs.fu-berlin.de\/bibliotheken\/files\/2017\/08\/Unbenannt-116x300.jpg 116w, https:\/\/blogs.fu-berlin.de\/bibliotheken\/files\/2017\/08\/Unbenannt.jpg 193w\" sizes=\"auto, (max-width: 116px) 85vw, 116px\" \/>Vor einem Urlaub k\u00f6nnen viele Fragen aufkommen.<\/p>\n<p>Die wichtigsten Informationen f\u00fcr einen Trip nach und durch Europa hat die Europ\u00e4ische Union im Angebot. Die Brosch\u00fcre ist in Deutsch und vielen weiteren Sprachen online verf\u00fcgbar. <a href=\"https:\/\/primo.fu-berlin.de\/FUB:TN_eu_bkvtls000391005\">Hier ist sie verlinkt<\/a>.<\/p>\n<p>Als Passagier in Europa steht <a href=\"https:\/\/europa.eu\/youreurope\/citizens\/travel\/passenger-rights\/index_de.htm\">diese App<\/a> als Berater zur Seite, falls mal etwas schief l\u00e4uft.<\/p>\n<p>Speziell f\u00fcr alle Autoreisenden bietet sich <a href=\"https:\/\/blogs.fu-berlin.de\/bibliotheken\/2016\/08\/05\/app-in-den-urlaub\/\">diese App<\/a> als Reisebegleiter an.<\/p>\n<p>Wir w\u00fcnschen allen einen sch\u00f6nen Urlaub!<\/p>\n<p>Weitere Informationen zu der Europ\u00e4ischen Union finden Sie auch in unserem&nbsp;<a href=\"https:\/\/www.fu-berlin.de\/sites\/ub\/ueber-uns\/un-eu\/index.html\">Dokumentationszentrum&nbsp;UN-EU<\/a>.<\/p>\n<p>&nbsp;<\/p>\n<p>&nbsp;<\/p>\n<p>&nbsp;<\/p>\n<p>&nbsp;<\/p>","protected":false},"excerpt":{"rendered":"<p>Der Betrieb des \u201eDokumentationszentrums UN \u2013 EU\u201c wird eingestellt. Die entsprechende Literatur bleibt im Bestand und ist weiterhin zug\u00e4nglich. Vor einem Urlaub k\u00f6nnen viele Fragen aufkommen. Die wichtigsten Informationen f\u00fcr einen Trip nach und durch Europa hat die Europ\u00e4ische Union im Angebot. Die Brosch\u00fcre ist in Deutsch und vielen weiteren Sprachen online verf\u00fcgbar. Hier ist &hellip; <a href=\"https:\/\/blogs.fu-berlin.de\/bibliotheken\/2017\/08\/10\/informationen-der-eu-zum-reisen-in-und-nach-europa\/\" class=\"more-link\"><span class=\"screen-reader-text\">\u201eInformationen der EU zum Reisen in und nach Europa\u201c<\/span> weiterlesen<\/a><\/p>\n","protected":false},"author":343,"featured_media":0,"comment_status":"open","ping_status":"open","sticky":false,"template":"","format":"standard","meta":{"footnotes":""},"categories":[604],"tags":[2458,935,196530,57499],"class_list":["post-21387","post","type-post","status-publish","format-standard","hentry","category-ins-netz-geschaut","tag-dokumentationszentrum-un-eu","tag-europa","tag-ratgeber","tag-reisen"],"_links":{"self":[{"href":"https:\/\/blogs.fu-berlin.de\/bibliotheken\/wp-json\/wp\/v2\/posts\/21387","targetHints":{"allow":["GET"]}}],"collection":[{"href":"https:\/\/blogs.fu-berlin.de\/bibliotheken\/wp-json\/wp\/v2\/posts"}],"about":[{"href":"https:\/\/blogs.fu-berlin.de\/bibliotheken\/wp-json\/wp\/v2\/types\/post"}],"author":[{"embeddable":true,"href":"https:\/\/blogs.fu-berlin.de\/bibliotheken\/wp-json\/wp\/v2\/users\/343"}],"replies":[{"embeddable":true,"href":"https:\/\/blogs.fu-berlin.de\/bibliotheken\/wp-json\/wp\/v2\/comments?post=21387"}],"version-history":[{"count":5,"href":"https:\/\/blogs.fu-berlin.de\/bibliotheken\/wp-json\/wp\/v2\/posts\/21387\/revisions"}],"predecessor-version":[{"id":29421,"href":"https:\/\/blogs.fu-berlin.de\/bibliotheken\/wp-json\/wp\/v2\/posts\/21387\/revisions\/29421"}],"wp:attachment":[{"href":"https:\/\/blogs.fu-berlin.de\/bibliotheken\/wp-json\/wp\/v2\/media?parent=21387"}],"wp:term":[{"taxonomy":"category","embeddable":true,"href":"https:\/\/blogs.fu-berlin.de\/bibliotheken\/wp-json\/wp\/v2\/categories?post=21387"},{"taxonomy":"post_tag","embeddable":true,"href":"https:\/\/blogs.fu-berlin.de\/bibliotheken\/wp-json\/wp\/v2\/tags?post=21387"}],"curies":[{"name":"wp","href":"https:\/\/api.w.org\/{rel}","templated":true}]}}