{"id":21409,"date":"2017-08-18T15:15:46","date_gmt":"2017-08-18T14:15:46","guid":{"rendered":"https:\/\/blogs.fu-berlin.de\/bibliotheken\/?p=21409"},"modified":"2018-08-14T13:10:43","modified_gmt":"2018-08-14T12:10:43","slug":"longlist-fuer-den-deutschen-buchpreis-2017-veroeffentlicht","status":"publish","type":"post","link":"https:\/\/blogs.fu-berlin.de\/bibliotheken\/2017\/08\/18\/longlist-fuer-den-deutschen-buchpreis-2017-veroeffentlicht\/","title":{"rendered":"Longlist f\u00fcr den Deutschen Buchpreis 2017 ver\u00f6ffentlicht"},"content":{"rendered":"<p><img loading=\"lazy\" decoding=\"async\" class=\"alignright size-full wp-image-21410\" src=\"https:\/\/blogs.fu-berlin.de\/bibliotheken\/files\/2017\/08\/dbp17.png\" alt=\"\" width=\"200\" height=\"200\" srcset=\"https:\/\/blogs.fu-berlin.de\/bibliotheken\/files\/2017\/08\/dbp17.png 200w, https:\/\/blogs.fu-berlin.de\/bibliotheken\/files\/2017\/08\/dbp17-150x150.png 150w\" sizes=\"auto, (max-width: 200px) 85vw, 200px\" \/>Der B\u00f6rsenverein des deutschen Buchhandels hat diese Woche die 20 nominierten Romane f\u00fcr den Deutschen Buchpreis <a href=\"https:\/\/www.deutscher-buchpreis.de\/nominiert\/#section-longlist\">bekanntgegeben<\/a>. Erst seit 2005 verliehen, gilt die mit insgesamt 37.500 Euro dotierte Auszeichnung als deutsche Antwort auf den franz\u00f6sischen Prix Goncourt oder den britischen Booker Prize.<\/p>\n<p><span style=\"color: #ff0000\"><strong><span style=\"color: #000000\">Zaimoglu zum f\u00fcnften, Bonn\u00e9, Lehr, Poschmann und Schulze zum dritten<br \/>\n<\/span><\/strong><\/span><\/p>\n<p>In diesem Jahr treffen die Werke von 14 Deutschen, f\u00fcnf \u00d6sterreichern und eines Schweizers aufeinander. Unter den sieben nominierten Autorinnen und 13 Autoren sind neun schon mit dem Gef\u00fchl vertraut, mit einem Werk auf der Longlist zu stehen. Das gr\u00f6\u00dfte D\u00e9j\u00e0-vu trifft zweifelsohne Feridun Zaimoglu, der bereits zum f\u00fcnften Mal auf der Nominiertenliste zu finden ist und nun zum ersten Mal auf die Shortlist der besten sechs Romane gelangen k\u00f6nnte. In seinem neuesten Werk<a href=\"https:\/\/primo.fu-berlin.de\/FUB:FUB_ALMA_DS21964001680002883\"><em> Evangelio <\/em><\/a>begibt sich Zaimoglu auf die Wartburg Martin Luthers und w\u00e4hlt den Blickwinkel eines sorgenvollen katholischen Landesknechts, der dem Reformator besch\u00fctzend zur Seite gestellt wird.<\/p>\n<p>In der Vergangenheit aus Buchpreis-Sicht erfolgreicher gewesen sind Mirko Bonn\u00e9, Thomas Lehr, Marion Poschmann und Ingo Schulze, die es allesamt mindestens einmal auf die Shortlist und es zum dritten Mal unter die Top 20 geschafft haben. Bonn\u00e9 \u00fcbertr\u00e4gt in seinen Liebesroman <em>Lichter als der Tag <\/em>(<a href=\"https:\/\/primo.fu-berlin.de\/FUB:FUB_ALMA_DS21977159450002883\">verf\u00fcgbar<\/a>) laut Buchpreis-Jury das Wahlverwandtschaften-Thema in die Gegenwart. Der studierte Naturwissenschaftler Thomas Lehr hat vor seiner Autorenkarriere bis 1999 als EDV-Spezialist f\u00fcr unser Bibliothekssystem gearbeitet und im Sommersemester 2011 die Heiner M\u00fcller-Gastprofessur f\u00fcr deutschsprachige Poetik an der FU \u00fcbertragen bekommen. Sein Roman <em>Schlafende Sonne<\/em> (<a href=\"https:\/\/primo.fu-berlin.de\/FUB:FUB_ALMA_DS21969940350002883\">in Bearbeitung<\/a>) spannt den Bogen vom Ersten Weltkrieg bis ins Berlin des Jahres 2011 und wird zu den stilistisch anspruchsvollsten Kandidaten gez\u00e4hlt. Im Mittelpunkt stehen historische Katastrophen und die privaten Verwicklungen dreier Menschen. Marion Poschmann schickt in ihrem leichten Roman <em>Die Kieferninseln<\/em> (<a href=\"https:\/\/primo.fu-berlin.de\/FUB:FUB_ALMA_DS21976991050002883\">in Erwerbung<\/a>) ihre Hauptfigur, einen Privatdozenten und betrogenen Ehemann, auf eine Pilgerreise nach Japan, w\u00e4hrend der von vielen Kritikern favorisierte Ingo Schulze in seiner Kapitalismus-Kom\u00f6die <em>Peter Holtz<\/em> (<a href=\"https:\/\/primo.fu-berlin.de\/FUB:FUB_ALMA_DS21977578770002883\">in Erwerbung<\/a>) den Titelhelden vom Waisenkind zum Million\u00e4r wider Willen aufsteigen l\u00e4sst.<\/p>\n<p><strong>Von Zwillingen, Nachkriegskindern und Herrn Lehmann<\/strong><\/p>\n<p>Einzige Deb\u00fctantin im Feld ist die in Russland geborene Dramatikerin Sasha Marianna Salzmann. In <em>Au\u00dfer sich <\/em>(<a href=\"https:\/\/primo.fu-berlin.de\/FUB:FUB_ALMA_DS21976990930002883\">in Erwerbung<\/a>) folgt die Hausautorin des Maxim Gorki Theaters einem Zwillingspaar, das erst in einer kleinen Zweizimmerwohnung im Moskau der Postsowjetjahre und dann in einem Asylbewerberheim in der westdeutschen Provinz aufw\u00e4chst. Salzmann hat f\u00fcr ihr Romandeb\u00fct erst ein paar Tage zuvor den mit 15.000 Euro dotieren Literaturpreis der <a href=\"https:\/\/www.commerzbank.de\/de\/juergen_ponto_stiftung\/literatur_1\/literaturpreis\/literaturpreis_2017\/literaturpreis_2017.html\">J\u00fcrgen Ponto-Stiftung<\/a> gewonnen. Die Jury w\u00fcrdigte das Werk als \u201egewagte wie gelungene Gratwanderung zwischen kulturellen und geschlechtlichen Identit\u00e4ten\u201c und als \u201eein facettenreiches Generationspanorama von der Sowjetunion im 20. Jahrhundert bis ins Europa der Gegenwart\u201c.<\/p>\n<p>F\u00fcr ihren zweiten Roman wurde die fr\u00fchere FU-Studentin Julia Wolf nominiert, die mit <em>Walter Nowak bleibt liegen <\/em>laut Buchpreis-Jury ein \u201eeindrucksvolles M\u00e4nnerportr\u00e4t\u201c abliefere (<a href=\"https:\/\/primo.fu-berlin.de\/FUB:FUB_ALMA_DS21976990840002883\">in Bearbeitung<\/a>). Ihr Titelheld &#8211; ein egomanischer und ebenso passionierter Schwimmer &#8211; bricht eines Tages im Badezimmer zusammen. Bewegungsunf\u00e4hig streifen Gedankenfetzen seine Kindheit als unehelicher Sohn eines GIs in der Nachkriegszeit, die kaputte Ehe und eine unheilvolle \u00e4rztliche Diagnose. Wolf hatte mit ihrem <a href=\"https:\/\/bachmannpreis.orf.at\/stories\/2773431\/\">gleichnamigen Textauszug<\/a> im letzten Jahr um den Ingeborg-Bachmann-Preis konkurriert und den 3sat-Preis erhalten. Wieder auferstehen l\u00e4sst dagegen Sven Regener seinen Kulthelden Herrn Lehmann. 16 Jahre nach seinem erfolgreichen Romandeb\u00fct begibt sich Regener in <em>Wiener Stra\u00dfe <\/em>(<a href=\"https:\/\/primo.fu-berlin.de\/FUB:FUB_ALMA_DS21976990960002883\">in Erwerbung<\/a>) erneut ins Kreuzberg der 1980er-Jahre und wartet u. a. mit rebellische Berufsnichten, \u00f6sterreichischen Aktionsk\u00fcnstlern, Kettens\u00e4gen und einem Schwangerschaftssimulator auf.<\/p>\n<p><strong>Die 20 Nominierten im \u00dcberblick<br \/>\n<\/strong>(UPDATE: 22.09.17 &#8211; verf\u00fcgbare Titel sind verlinkt und in der <a href=\"https:\/\/www.fu-berlin.de\/sites\/bibliotheken\/bibliothekenfuehrer\/philologische_bibliothek\/index.html\">Philologischen Bibliothek<\/a> und\/oder <a href=\"https:\/\/www.fu-berlin.de\/sites\/ub\">Universit\u00e4tsbibliothek<\/a> vorhanden):<\/p>\n<ul>\n<li>Mirko Bonn\u00e9: <a href=\"https:\/\/primo.fu-berlin.de\/FUB:FUB_ALMA_DS21977159450002883\"><em>Lichter als der Tag<\/em><\/a> (Sch\u00f6ffling &amp; Co, Juli 2017)<\/li>\n<li>Gerhard Falkner: <a href=\"https:\/\/primo.fu-berlin.de\/FUB:FUB_ALMA_DS21976991170002883\"><em>Romeo oder Julia<\/em><\/a> (Berlin Verlag, September 2017)<\/li>\n<li>Franzobel: <a href=\"https:\/\/primo.fu-berlin.de\/FUB:FUB_ALMA_DS21965628220002883\"><em>Das Flo\u00df der Medusa<\/em><\/a> (Paul Zsolnay, Januar 2017)<\/li>\n<li>Monika Helfer: <em>Schau mich an, wenn ich mit dir rede!<\/em> (Jung und Jung, M\u00e4rz 2017) &#8211; <a href=\"https:\/\/primo.fu-berlin.de\/FUB:FUB_ALMA_DS21976976460002883\">in Bearbeitung<\/a><\/li>\n<li>Christoph H\u00f6htker: <em>Das Jahr der Frauen<\/em> (Weissbooks, August 2017) &#8211; <a href=\"https:\/\/primo.fu-berlin.de\/FUB:FUB_ALMA_DS21976991140002883\">in Erwerbung<\/a><\/li>\n<li>Thomas Lehr: <a href=\"https:\/\/primo.fu-berlin.de\/FUB:FUB_ALMA_DS21969940350002883\"><em>Schlafende Sonne<\/em><\/a> (Carl Hanser, August 2017)<\/li>\n<li>Jonas L\u00fcscher: <a href=\"https:\/\/primo.fu-berlin.de\/FUB:FUB_ALMA_DS21964548290002883\"><em>Kraft<\/em><\/a> (C.H. Beck, M\u00e4rz 2017)<\/li>\n<li>Robert Menasse: <a href=\"https:\/\/primo.fu-berlin.de\/FUB:FUB_ALMA_DS21978600130002883\"><em>Die Hauptstadt<\/em><\/a> (Suhrkamp, September 2017)<\/li>\n<li>Birgit M\u00fcller-Wieland: <em>Flugschnee<\/em> (Otto M\u00fcller, Februar 2017) &#8211; <a href=\"https:\/\/primo.fu-berlin.de\/FUB:FUB_ALMA_DS21976976360002883\">in Bearbeitung<\/a><\/li>\n<li>Jakob Nolte: <em>Schreckliche Gewalten<\/em> (Matthes &amp; Seitz Berlin, M\u00e4rz<br \/>\n2017) &#8211; <a href=\"https:\/\/primo.fu-berlin.de\/FUB:FUB_ALMA_DS21976991080002883\">in Bearbeitung<\/a><\/li>\n<li>Marion Poschmann: <a href=\"https:\/\/primo.fu-berlin.de\/FUB:FUB_ALMA_DS21976991050002883\"><em>Die Kieferninseln<\/em><\/a> (Suhrkamp, September 2017)<\/li>\n<li>Kerstin Preiwu\u00df: <a href=\"https:\/\/primo.fu-berlin.de\/FUB:FUB_ALMA_DS21976991020002883\"><em>Nach Onkalo<\/em><\/a> (Berlin Verlag, M\u00e4rz 2017)<\/li>\n<li>Robert Prosser: <a href=\"https:\/\/primo.fu-berlin.de\/FUB:FUB_ALMA_DS21976990990002883\"><em>Phantome<\/em><\/a> (Ullstein f\u00fcnf, September 2017)<\/li>\n<li>Sven Regener: <em>Wiener Stra\u00dfe<\/em> (Galiani Berlin, September 2017)<\/li>\n<li>Sasha Marianna Salzmann: <a href=\"https:\/\/primo.fu-berlin.de\/FUB:FUB_ALMA_DS21976990930002883\"><em>Au\u00dfer sich<\/em><\/a> (Suhrkamp, September 2017)<\/li>\n<li>Ingo Schulze: <em>Peter Holtz<\/em> (S. Fischer, September 2017) &#8211; <a href=\"https:\/\/primo.fu-berlin.de\/FUB:FUB_ALMA_DS21977578770002883\">in Bearbeitung<\/a><\/li>\n<li>Michael Wildenhain: <em>Das Singen der Sirenen<\/em> (Klett-Cotta, September 2017) &#8211; <a href=\"https:\/\/primo.fu-berlin.de\/FUB:FUB_ALMA_DS21976990870002883\">in Bearbeitung<\/a><\/li>\n<li>Julia Wolf: <em>Walter Nowak bleibt liegen<\/em> (Frankfurter Verlagsanstalt, M\u00e4rz 2017) &#8211; <a href=\"https:\/\/primo.fu-berlin.de\/FUB:FUB_ALMA_DS21976990840002883\">in Bearbeitung<\/a><\/li>\n<li>Christine Wunnicke: <a href=\"https:\/\/primo.fu-berlin.de\/FUB:FUB_ALMA_DS21967008090002883\"><em>Katie<\/em><\/a> (Berenberg, M\u00e4rz 2017)<\/li>\n<li>Feridun Zaimoglu: <a href=\"https:\/\/primo.fu-berlin.de\/FUB:FUB_ALMA_DS21964001680002883\"><em>Evangelio<\/em><\/a> (Kiepenheuer &amp; Witsch, M\u00e4rz 2017)<\/li>\n<\/ul>\n<p>Die Longlist wird am 12. September 2017 von der Jury um Sprecherin Katja Gasser (\u00d6sterreichischer Rundfunk), Silke Behl (Radio Bremen), Mara Delius (Die Welt), Christian Dunker (autorenbuchhandlung berlin), Maria Gazzetti (Casa di Goethe, Rom), Tobias Lehmkuhl (freier Kritiker, Berlin) und Lothar Schr\u00f6der (Rheinische Post) auf sechs finale Romane reduziert, die sogenannte \u201eShortlist\u201c. Die Preisverleihung findet zum Auftakt der Frankfurter Buchmesse am 9. Oktober 2017 statt.<\/p>\n<p>Zwar ist die kostenfreie App mit Artikelanf\u00e4ngen seit 2014 pass\u00e9, aber \u00fcber <a href=\"https:\/\/detektor.fm\/themen\/deutscher-buchpreis\">detektor.fm<\/a> lassen sich nach und nach kostenfrei Ausz\u00fcge aus den nominierten Romanen anh\u00f6ren (auch als App verf\u00fcgbar). Wer nicht darauf warten will, findet auf der Webseite des Buchpreises unter den <a href=\"https:\/\/www.deutscher-buchpreis.de\/nominiert\/#section-longlist\">jeweiligen Romanprofilen<\/a> alle bereits freigeschalteten H\u00f6rproben (zwischen 8-11 Minuten lang).<\/p>\n","protected":false},"excerpt":{"rendered":"<p>Der B\u00f6rsenverein des deutschen Buchhandels hat diese Woche die 20 nominierten Romane f\u00fcr den Deutschen Buchpreis bekanntgegeben. Erst seit 2005 verliehen, gilt die mit insgesamt 37.500 Euro dotierte Auszeichnung als deutsche Antwort auf den franz\u00f6sischen Prix Goncourt oder den britischen Booker Prize. Zaimoglu zum f\u00fcnften, Bonn\u00e9, Lehr, Poschmann und Schulze zum dritten In diesem Jahr &hellip; <a href=\"https:\/\/blogs.fu-berlin.de\/bibliotheken\/2017\/08\/18\/longlist-fuer-den-deutschen-buchpreis-2017-veroeffentlicht\/\" class=\"more-link\"><span class=\"screen-reader-text\">\u201eLonglist f\u00fcr den Deutschen Buchpreis 2017 ver\u00f6ffentlicht\u201c<\/span> weiterlesen<\/a><\/p>\n","protected":false},"author":293,"featured_media":0,"comment_status":"open","ping_status":"open","sticky":false,"template":"","format":"standard","meta":{"footnotes":""},"categories":[604,492],"tags":[57543,196531],"class_list":["post-21409","post","type-post","status-publish","format-standard","hentry","category-ins-netz-geschaut","category-literaturtipps","tag-deutscher-buchpreis","tag-longlist-2017"],"_links":{"self":[{"href":"https:\/\/blogs.fu-berlin.de\/bibliotheken\/wp-json\/wp\/v2\/posts\/21409","targetHints":{"allow":["GET"]}}],"collection":[{"href":"https:\/\/blogs.fu-berlin.de\/bibliotheken\/wp-json\/wp\/v2\/posts"}],"about":[{"href":"https:\/\/blogs.fu-berlin.de\/bibliotheken\/wp-json\/wp\/v2\/types\/post"}],"author":[{"embeddable":true,"href":"https:\/\/blogs.fu-berlin.de\/bibliotheken\/wp-json\/wp\/v2\/users\/293"}],"replies":[{"embeddable":true,"href":"https:\/\/blogs.fu-berlin.de\/bibliotheken\/wp-json\/wp\/v2\/comments?post=21409"}],"version-history":[{"count":26,"href":"https:\/\/blogs.fu-berlin.de\/bibliotheken\/wp-json\/wp\/v2\/posts\/21409\/revisions"}],"predecessor-version":[{"id":23590,"href":"https:\/\/blogs.fu-berlin.de\/bibliotheken\/wp-json\/wp\/v2\/posts\/21409\/revisions\/23590"}],"wp:attachment":[{"href":"https:\/\/blogs.fu-berlin.de\/bibliotheken\/wp-json\/wp\/v2\/media?parent=21409"}],"wp:term":[{"taxonomy":"category","embeddable":true,"href":"https:\/\/blogs.fu-berlin.de\/bibliotheken\/wp-json\/wp\/v2\/categories?post=21409"},{"taxonomy":"post_tag","embeddable":true,"href":"https:\/\/blogs.fu-berlin.de\/bibliotheken\/wp-json\/wp\/v2\/tags?post=21409"}],"curies":[{"name":"wp","href":"https:\/\/api.w.org\/{rel}","templated":true}]}}