{"id":21445,"date":"2017-08-25T09:47:13","date_gmt":"2017-08-25T08:47:13","guid":{"rendered":"https:\/\/blogs.fu-berlin.de\/bibliotheken\/?p=21445"},"modified":"2017-08-25T09:49:17","modified_gmt":"2017-08-25T08:49:17","slug":"afghanistans-bibliothekslandschaft","status":"publish","type":"post","link":"https:\/\/blogs.fu-berlin.de\/bibliotheken\/2017\/08\/25\/afghanistans-bibliothekslandschaft\/","title":{"rendered":"Afghanistans Bibliothekslandschaft"},"content":{"rendered":"<p>Kommt jemandem bei der Nennung Afghanistans Bibliotheken in den Sinn? Die US-amerikanische Bibliothekswissenschaftlerin Rebecca L. Miller arbeitet seit 2012 in dem Land, u. a. war sie als Bibliotheksdirektorin f\u00fcr die American University of Afghanistan (AUAF) t\u00e4tig. 2016 hat sie eine Bestandsaufnahme der afghanischen Bibliothekslandschaft (sowohl \u00f6ffentliche als auch wissenschaftliche Bibliotheken) ver\u00f6ffentlicht &#8211; das deutschsprachige Blog <a href=\"https:\/\/biistories.wordpress.com\/2017\/08\/23\/afghanistan-bibliotheken-als-grundlage-der-entwicklung\/\">BII Stories<\/a> zitiert Umfragen aus der 33-seitigen Studie und verlinkt auf den Volltext.<\/p>\n","protected":false},"excerpt":{"rendered":"<p>Kommt jemandem bei der Nennung Afghanistans Bibliotheken in den Sinn? Die US-amerikanische Bibliothekswissenschaftlerin Rebecca L. Miller arbeitet seit 2012 in dem Land, u. a. war sie als Bibliotheksdirektorin f\u00fcr die American University of Afghanistan (AUAF) t\u00e4tig. 2016 hat sie eine Bestandsaufnahme der afghanischen Bibliothekslandschaft (sowohl \u00f6ffentliche als auch wissenschaftliche Bibliotheken) ver\u00f6ffentlicht &#8211; das deutschsprachige Blog &hellip; <a href=\"https:\/\/blogs.fu-berlin.de\/bibliotheken\/2017\/08\/25\/afghanistans-bibliothekslandschaft\/\" class=\"more-link\"><span class=\"screen-reader-text\">\u201eAfghanistans Bibliothekslandschaft\u201c<\/span> weiterlesen<\/a><\/p>\n","protected":false},"author":293,"featured_media":0,"comment_status":"open","ping_status":"open","sticky":false,"template":"","format":"standard","meta":{"footnotes":""},"categories":[9,599,604],"tags":[56857,196536,447,2339],"class_list":["post-21445","post","type-post","status-publish","format-standard","hentry","category-allgemein","category-bibliothekswesen","category-ins-netz-geschaut","tag-afghanistan","tag-bestandsaufnahme","tag-bibliotheken","tag-studie"],"_links":{"self":[{"href":"https:\/\/blogs.fu-berlin.de\/bibliotheken\/wp-json\/wp\/v2\/posts\/21445","targetHints":{"allow":["GET"]}}],"collection":[{"href":"https:\/\/blogs.fu-berlin.de\/bibliotheken\/wp-json\/wp\/v2\/posts"}],"about":[{"href":"https:\/\/blogs.fu-berlin.de\/bibliotheken\/wp-json\/wp\/v2\/types\/post"}],"author":[{"embeddable":true,"href":"https:\/\/blogs.fu-berlin.de\/bibliotheken\/wp-json\/wp\/v2\/users\/293"}],"replies":[{"embeddable":true,"href":"https:\/\/blogs.fu-berlin.de\/bibliotheken\/wp-json\/wp\/v2\/comments?post=21445"}],"version-history":[{"count":3,"href":"https:\/\/blogs.fu-berlin.de\/bibliotheken\/wp-json\/wp\/v2\/posts\/21445\/revisions"}],"predecessor-version":[{"id":21458,"href":"https:\/\/blogs.fu-berlin.de\/bibliotheken\/wp-json\/wp\/v2\/posts\/21445\/revisions\/21458"}],"wp:attachment":[{"href":"https:\/\/blogs.fu-berlin.de\/bibliotheken\/wp-json\/wp\/v2\/media?parent=21445"}],"wp:term":[{"taxonomy":"category","embeddable":true,"href":"https:\/\/blogs.fu-berlin.de\/bibliotheken\/wp-json\/wp\/v2\/categories?post=21445"},{"taxonomy":"post_tag","embeddable":true,"href":"https:\/\/blogs.fu-berlin.de\/bibliotheken\/wp-json\/wp\/v2\/tags?post=21445"}],"curies":[{"name":"wp","href":"https:\/\/api.w.org\/{rel}","templated":true}]}}