{"id":21459,"date":"2017-08-31T10:00:29","date_gmt":"2017-08-31T09:00:29","guid":{"rendered":"https:\/\/blogs.fu-berlin.de\/bibliotheken\/?p=21459"},"modified":"2021-09-16T10:25:35","modified_gmt":"2021-09-16T09:25:35","slug":"wanderausstellung-vereinte-nationen-geschichte-gegenwart-zukunft-an-der-ub","status":"publish","type":"post","link":"https:\/\/blogs.fu-berlin.de\/bibliotheken\/2017\/08\/31\/wanderausstellung-vereinte-nationen-geschichte-gegenwart-zukunft-an-der-ub\/","title":{"rendered":"Wanderausstellung \u201eVereinte Nationen \u2013 Geschichte, Gegenwart, Zukunft\u201c an der UB"},"content":{"rendered":"\n<p><em><span class=\"has-inline-color has-bright-red-color\">Der Betrieb des \u201eDokumentationszentrums UN \u2013 EU\u201c wird eingestellt. Die entsprechende Literatur bleibt im Bestand und ist weiterhin zug\u00e4nglich.<\/span><\/em><\/p>\n\n\n<p><span style=\"font-family: 'Arial','sans-serif'\">In Kooperation mit der Deutschen Gesellschaft f\u00fcr die Vereinten Nationen e.V. (DGVN) zeigt das Dokumentationszentrum UN-EU vom<strong> 1. bis 20. September 2017<\/strong> im Foyer der UB die Wanderausstellung \u201eVereinte Nationen \u2013 Geschichte, Gegenwart, Zukunft\u201c.<\/span><\/p>\n<p><figure id=\"attachment_21516\" aria-describedby=\"caption-attachment-21516\" style=\"width: 300px\" class=\"wp-caption alignright\"><a href=\"https:\/\/blogs.fu-berlin.de\/bibliotheken\/files\/2017\/08\/20170904_115152.jpg\"><img loading=\"lazy\" decoding=\"async\" class=\"wp-image-21516 size-medium\" src=\"https:\/\/blogs.fu-berlin.de\/bibliotheken\/files\/2017\/08\/20170904_115152-300x225.jpg\" alt=\"Die Wanderausstellung im Foyer der UB (Bildquelle: Marc Spieseke)\" width=\"300\" height=\"225\" srcset=\"https:\/\/blogs.fu-berlin.de\/bibliotheken\/files\/2017\/08\/20170904_115152-300x225.jpg 300w, https:\/\/blogs.fu-berlin.de\/bibliotheken\/files\/2017\/08\/20170904_115152-1200x900.jpg 1200w\" sizes=\"auto, (max-width: 300px) 85vw, 300px\" \/><\/a><figcaption id=\"caption-attachment-21516\" class=\"wp-caption-text\">Die Wanderausstellung im Foyer der UB (Bildquelle: Marc Spieseke)<\/figcaption><\/figure><\/p>\n<p><span style=\"font-family: 'Arial','sans-serif'\">Urspr\u00fcnglich wurde die Ausstellung von der DGVN zusammen mit dem Ausw\u00e4rtigen Amt zum 70. Jahrestag der UN konzipiert. Nachdem die <a href=\"https:\/\/www.dgvn.de\/meldung\/ausstellung-70-jahre-vereinte-nationen-geschichte-gegenwart-zukunft\/\">Ausstellung im Ausw\u00e4rtigen Amt<\/a> zu sehen war, ging sie auf Reisen und ist nun bei uns zu Gast.<\/span><\/p>\n<p><span style=\"font-family: 'Arial','sans-serif'\">Die Ausstellung zeigt r\u00fcckblickend die Strukturen und Akteure der 70-j\u00e4hrigen Geschichte der UN und den heutigen Organisationsaufbau. Es werden auch die derzeitigen und zuk\u00fcnftigen Herausforderungen der Organisation f\u00fcr Frieden, Stabilit\u00e4t, <a href=\"https:\/\/blogs.fu-berlin.de\/bibliotheken\/tag\/sustainable-development-goals\/\">Nachhaltigkeit<\/a> und Sicherheit erl\u00e4utert.<\/span><\/p>\n<p><span style=\"font-family: 'Arial','sans-serif'\">Zu den vielf\u00e4ltigen Themen der Vereinten Nationen geh\u00f6ren schlie\u00dflich auch die Menschenrechte. Begleitend zur Ausstellung stehen diese im Rampenlicht w\u00e4hrend einer Lesung im Rahmen des <a href=\"https:\/\/www.literaturfestival.com\/\">Internationalen Literaturfestivals Berlin<\/a>. Unter dem Motto &#8222;Human Rights&#8220; lesen am 6.9. um 16 Uhr Mitglieder von Amnesty International Texte aus der Allgemeinen Erkl\u00e4rung der Menschenrechte und zu der Kampagne \u201e<a href=\"https:\/\/www.amnesty.de\/einmischen\">Einmischen f\u00fcr Menschenrechte<\/a>\u201c.<br>\n<\/span><\/p>\n<p><span style=\"font-family: 'Arial','sans-serif'\">Weitere Ausstellungsorte sind in Jena, Leipzig, Halle, Berlin sowie weiteren St\u00e4dten in ganz Deutschland geplant.<\/span><\/p>\n<p><span style=\"font-family: 'Arial','sans-serif'\"><em>Die Ausstellung ist zu den \u00fcblichen \u00d6ffnungszeiten der Universit\u00e4tsbibliothek \u2013 Montag bis Freitag 9:00 -20:00 Uhr \u2013 im Foyer \u00f6ffentlich und kostenfrei zug\u00e4nglich.<\/em><\/span><\/p>\n<p><span style=\"font-family: 'Arial','sans-serif'\">Noch mehr Informationen zur EU bekommen Sie in unserem <a href=\"https:\/\/www.ub.fu-berlin.de\/bibliothek\/uneu\/\">Dokumentationszentrum UN-EU<\/a>.<\/span><\/p>","protected":false},"excerpt":{"rendered":"<p>Der Betrieb des \u201eDokumentationszentrums UN \u2013 EU\u201c wird eingestellt. Die entsprechende Literatur bleibt im Bestand und ist weiterhin zug\u00e4nglich. In Kooperation mit der Deutschen Gesellschaft f\u00fcr die Vereinten Nationen e.V. (DGVN) zeigt das Dokumentationszentrum UN-EU vom 1. bis 20. September 2017 im Foyer der UB die Wanderausstellung \u201eVereinte Nationen \u2013 Geschichte, Gegenwart, Zukunft\u201c. Urspr\u00fcnglich wurde &hellip; <a href=\"https:\/\/blogs.fu-berlin.de\/bibliotheken\/2017\/08\/31\/wanderausstellung-vereinte-nationen-geschichte-gegenwart-zukunft-an-der-ub\/\" class=\"more-link\"><span class=\"screen-reader-text\">\u201eWanderausstellung \u201eVereinte Nationen \u2013 Geschichte, Gegenwart, Zukunft\u201c an der UB\u201c<\/span> weiterlesen<\/a><\/p>\n","protected":false},"author":343,"featured_media":0,"comment_status":"open","ping_status":"open","sticky":false,"template":"","format":"standard","meta":{"footnotes":""},"categories":[70],"tags":[196539,2458,12086],"class_list":["post-21459","post","type-post","status-publish","format-standard","hentry","category-veranstaltungen","tag-ausstellung-70-jahre-vereinte-nationen","tag-dokumentationszentrum-un-eu","tag-vereinte-nationen"],"_links":{"self":[{"href":"https:\/\/blogs.fu-berlin.de\/bibliotheken\/wp-json\/wp\/v2\/posts\/21459","targetHints":{"allow":["GET"]}}],"collection":[{"href":"https:\/\/blogs.fu-berlin.de\/bibliotheken\/wp-json\/wp\/v2\/posts"}],"about":[{"href":"https:\/\/blogs.fu-berlin.de\/bibliotheken\/wp-json\/wp\/v2\/types\/post"}],"author":[{"embeddable":true,"href":"https:\/\/blogs.fu-berlin.de\/bibliotheken\/wp-json\/wp\/v2\/users\/343"}],"replies":[{"embeddable":true,"href":"https:\/\/blogs.fu-berlin.de\/bibliotheken\/wp-json\/wp\/v2\/comments?post=21459"}],"version-history":[{"count":10,"href":"https:\/\/blogs.fu-berlin.de\/bibliotheken\/wp-json\/wp\/v2\/posts\/21459\/revisions"}],"predecessor-version":[{"id":29415,"href":"https:\/\/blogs.fu-berlin.de\/bibliotheken\/wp-json\/wp\/v2\/posts\/21459\/revisions\/29415"}],"wp:attachment":[{"href":"https:\/\/blogs.fu-berlin.de\/bibliotheken\/wp-json\/wp\/v2\/media?parent=21459"}],"wp:term":[{"taxonomy":"category","embeddable":true,"href":"https:\/\/blogs.fu-berlin.de\/bibliotheken\/wp-json\/wp\/v2\/categories?post=21459"},{"taxonomy":"post_tag","embeddable":true,"href":"https:\/\/blogs.fu-berlin.de\/bibliotheken\/wp-json\/wp\/v2\/tags?post=21459"}],"curies":[{"name":"wp","href":"https:\/\/api.w.org\/{rel}","templated":true}]}}