{"id":21473,"date":"2017-09-07T09:30:30","date_gmt":"2017-09-07T08:30:30","guid":{"rendered":"https:\/\/blogs.fu-berlin.de\/bibliotheken\/?p=21473"},"modified":"2021-09-16T10:25:11","modified_gmt":"2021-09-16T09:25:11","slug":"liveuebertragung-der-rede-zur-lage-der-europaeischen-union-2017","status":"publish","type":"post","link":"https:\/\/blogs.fu-berlin.de\/bibliotheken\/2017\/09\/07\/liveuebertragung-der-rede-zur-lage-der-europaeischen-union-2017\/","title":{"rendered":"Live\u00fcbertragung der Rede zur Lage der Europ\u00e4ischen Union 2017"},"content":{"rendered":"\n<p><em><span class=\"has-inline-color has-bright-red-color\">Der Betrieb des \u201eDokumentationszentrums UN \u2013 EU\u201c wird eingestellt. Die entsprechende Literatur bleibt im Bestand und ist weiterhin zug\u00e4nglich.<\/span><\/em><\/p>\n\n\n<p>Mit dem Wei\u00dfbuch zur Zukunft Europas hat Jean-Claude Juncker, Pr\u00e4sident der Europ\u00e4ischen Kommission, eine breite Diskussion \u00fcber unsere gemeinsame Zukunft als Europ\u00e4erinnen und Europ\u00e4er angesto\u00dfen: Was ist uns die Europ\u00e4ische Union wert, welche Erwartungen tragen wir an sie heran, welche Mittel soll sie haben?<\/p>\n<p>Die j\u00e4hrliche Rede des Pr\u00e4sidenten zur Lage der Europ\u00e4ischen Union am <strong>Mittwoch, 13. September<\/strong> im Europ\u00e4ischen Parlament in Stra\u00dfburg ist Anlass, eine erste Zwischenbilanz zu ziehen, sowohl von Seiten der Kommission als auch des Europ\u00e4ischen Parlaments und um die<br>\nwesentlichen Vorhaben f\u00fcr das kommende Amtsjahr zu benennen.<\/p>\n<p>Die Vertretung der Europ\u00e4ischen Kommission und das Informationsb\u00fcro des Europ\u00e4ischen Parlaments in Deutschland laden Sie ein, die <a href=\"https:\/\/ec.europa.eu\/germany\/events\/live%C3%BCbertragung-der-rede-zur-lage-der-eu-2017_de\">Live\u00fcbertragung der Rede<\/a> und der anschlie\u00dfenden Debatte im Europ\u00e4ischen Parlament in ihren R\u00e4umlichkeiten mitzuerleben:<\/p>\n<p><em>8:30 Uhr<\/em>: Einlass &#8211; Kaffee und Croissants<\/p>\n<p><em>8:50 Uhr<\/em>: Einleitung durch den Vertreter der Europ\u00e4ischen Kommission&nbsp;in Deutschland, Richard Nikolaus K\u00fchnel<\/p>\n<p><em>9:00 &#8211; 11:00 Uhr<\/em>: Live\u00fcbertragung der Rede des Pr\u00e4sidenten der Europ\u00e4ischen&nbsp;Kommission, Jean-Claude Juncker sowie der anschlie\u00dfenden&nbsp;Debatte im Europ\u00e4ischen Parlament. (Die Reden werden im Originalton \u00fcbertragen. Es werden Kopfh\u00f6rer zur Verf\u00fcgung stehen, um die Reden durchgehend auf Deutsch verfolgen zu k\u00f6nnen.)<\/p>\n<p><strong>Veranstaltungsort:<\/strong> Europ\u00e4isches Haus &#8211; Unter den Linden 78, 10117 Berlin<\/p>\n<p><strong>Bitte melden Sie sich bis zum 09. September 2017&nbsp;an.<\/strong><\/p>\n<p>Noch mehr Informationen zur EU bekommen Sie in unserem <a href=\"https:\/\/www.ub.fu-berlin.de\/bibliothek\/uneu\/\">Dokumentationszentrum UN-EU<\/a>.<\/p>\n<p>&nbsp;<\/p>","protected":false},"excerpt":{"rendered":"<p>Der Betrieb des \u201eDokumentationszentrums UN \u2013 EU\u201c wird eingestellt. Die entsprechende Literatur bleibt im Bestand und ist weiterhin zug\u00e4nglich. Mit dem Wei\u00dfbuch zur Zukunft Europas hat Jean-Claude Juncker, Pr\u00e4sident der Europ\u00e4ischen Kommission, eine breite Diskussion \u00fcber unsere gemeinsame Zukunft als Europ\u00e4erinnen und Europ\u00e4er angesto\u00dfen: Was ist uns die Europ\u00e4ische Union wert, welche Erwartungen tragen wir &hellip; <a href=\"https:\/\/blogs.fu-berlin.de\/bibliotheken\/2017\/09\/07\/liveuebertragung-der-rede-zur-lage-der-europaeischen-union-2017\/\" class=\"more-link\"><span class=\"screen-reader-text\">\u201eLive\u00fcbertragung der Rede zur Lage der Europ\u00e4ischen Union 2017\u201c<\/span> weiterlesen<\/a><\/p>\n","protected":false},"author":2907,"featured_media":0,"comment_status":"open","ping_status":"open","sticky":false,"template":"","format":"standard","meta":{"footnotes":""},"categories":[9,70],"tags":[2458,935,56945,1977,196542,196541,196543,196544],"class_list":["post-21473","post","type-post","status-publish","format-standard","hentry","category-allgemein","category-veranstaltungen","tag-dokumentationszentrum-un-eu","tag-europa","tag-europaeische-kommission","tag-europaische-union","tag-informationsbuero-des-europaeischen-parlaments-in-deutschland","tag-jean-claude-juncker","tag-vertretung-der-europaeischen-kommission","tag-weisbuch"],"_links":{"self":[{"href":"https:\/\/blogs.fu-berlin.de\/bibliotheken\/wp-json\/wp\/v2\/posts\/21473","targetHints":{"allow":["GET"]}}],"collection":[{"href":"https:\/\/blogs.fu-berlin.de\/bibliotheken\/wp-json\/wp\/v2\/posts"}],"about":[{"href":"https:\/\/blogs.fu-berlin.de\/bibliotheken\/wp-json\/wp\/v2\/types\/post"}],"author":[{"embeddable":true,"href":"https:\/\/blogs.fu-berlin.de\/bibliotheken\/wp-json\/wp\/v2\/users\/2907"}],"replies":[{"embeddable":true,"href":"https:\/\/blogs.fu-berlin.de\/bibliotheken\/wp-json\/wp\/v2\/comments?post=21473"}],"version-history":[{"count":4,"href":"https:\/\/blogs.fu-berlin.de\/bibliotheken\/wp-json\/wp\/v2\/posts\/21473\/revisions"}],"predecessor-version":[{"id":29413,"href":"https:\/\/blogs.fu-berlin.de\/bibliotheken\/wp-json\/wp\/v2\/posts\/21473\/revisions\/29413"}],"wp:attachment":[{"href":"https:\/\/blogs.fu-berlin.de\/bibliotheken\/wp-json\/wp\/v2\/media?parent=21473"}],"wp:term":[{"taxonomy":"category","embeddable":true,"href":"https:\/\/blogs.fu-berlin.de\/bibliotheken\/wp-json\/wp\/v2\/categories?post=21473"},{"taxonomy":"post_tag","embeddable":true,"href":"https:\/\/blogs.fu-berlin.de\/bibliotheken\/wp-json\/wp\/v2\/tags?post=21473"}],"curies":[{"name":"wp","href":"https:\/\/api.w.org\/{rel}","templated":true}]}}