{"id":21475,"date":"2017-09-13T09:30:29","date_gmt":"2017-09-13T08:30:29","guid":{"rendered":"https:\/\/blogs.fu-berlin.de\/bibliotheken\/?p=21475"},"modified":"2021-09-16T10:24:50","modified_gmt":"2021-09-16T09:24:50","slug":"informationsveranstaltung-innovative-training-networks-itn-foerderung-europaeischer-doktorandennetzwerke","status":"publish","type":"post","link":"https:\/\/blogs.fu-berlin.de\/bibliotheken\/2017\/09\/13\/informationsveranstaltung-innovative-training-networks-itn-foerderung-europaeischer-doktorandennetzwerke\/","title":{"rendered":"Informationsveranstaltung &#8222;Innovative Training Networks&#8220; (ITN) &#8211; F\u00f6rderung Europ\u00e4ischer Doktorandennetzwerke"},"content":{"rendered":"\n<p><em><span class=\"has-inline-color has-bright-red-color\">Der Betrieb des \u201eDokumentationszentrums UN \u2013 EU\u201c wird eingestellt. Die entsprechende Literatur bleibt im Bestand und ist weiterhin zug\u00e4nglich.<\/span><\/em><\/p>\n\n\n<div class=\"box box-event-doc\">\n<div class=\"box-event-doc-header row\">\n<div class=\"box-event-doc-header-title col-m-8\">\n<p class=\"box-event-doc-title\">Informationsveranstaltung zu den &#8222;Innovative Training Networks&#8220; der EU am 19. September 2017 an der Freien Universit\u00e4t Berlin:<\/p>\n<\/div>\n<\/div>\n<div class=\"editor-content \">\n<p>TeilnehmerInnen sollen \u00fcber das F\u00f6rderprogramm \u201eInnovative Training Networks\u201c informiert und in den Stand versetzt werden, einen Antrag zu stellen und ihre Erfolgschancen einzusch\u00e4tzen.<br>\nDas F\u00f6rderprogramm \u201eInnovative Training Networks\u201c wird in den Kontext der EU-F\u00f6rderung eingeordnet und in seinen Einzelheiten vorgestellt. Neben den Zielen und F\u00f6rdermodalit\u00e4ten stehen auch die Begutachtung sowie der Aufbau des Antrags im Vordergrund.<br>\nEin Wissenschaftler der FU wird von seinen Erfahrungen mit der Antragstellung und Beteiligung an einem ITN berichten.<\/p>\n<p>Die Veranstaltung richtet sich an: Mitarbeiter\/innen und Forschende der Freien Universit\u00e4t Berlin<\/p>\n<p>19. September 2017<br>\n9:00 &#8211; 12:00 Uhr<br>\nFreie Universit\u00e4t Berlin &#8211; Holzlaube, Fabeckstr. 25-27, 14195 Berlin<br>\nRaum 2.2059<br>\nAnsprechpartner: Dr. Thomas Weitner, Forschungsf\u00f6rderung und -information, E-Mail-Adresse: <a href=\"mailto:thomas.weitner@fu-berlin.de\">thomas.weitner@fu-berlin.de<\/a><\/p>\n<p>Noch mehr Informationen zur EU bekommen Sie in unserem <a href=\"https:\/\/www.ub.fu-berlin.de\/bibliothek\/uneu\/\">Dokumentationszentrum UN-EU<\/a>.<\/p>\n<\/div>\n<\/div>","protected":false},"excerpt":{"rendered":"<p>Der Betrieb des \u201eDokumentationszentrums UN \u2013 EU\u201c wird eingestellt. Die entsprechende Literatur bleibt im Bestand und ist weiterhin zug\u00e4nglich. Informationsveranstaltung zu den &#8222;Innovative Training Networks&#8220; der EU am 19. September 2017 an der Freien Universit\u00e4t Berlin: TeilnehmerInnen sollen \u00fcber das F\u00f6rderprogramm \u201eInnovative Training Networks\u201c informiert und in den Stand versetzt werden, einen Antrag zu stellen &hellip; <a href=\"https:\/\/blogs.fu-berlin.de\/bibliotheken\/2017\/09\/13\/informationsveranstaltung-innovative-training-networks-itn-foerderung-europaeischer-doktorandennetzwerke\/\" class=\"more-link\"><span class=\"screen-reader-text\">\u201eInformationsveranstaltung &#8222;Innovative Training Networks&#8220; (ITN) &#8211; F\u00f6rderung Europ\u00e4ischer Doktorandennetzwerke\u201c<\/span> weiterlesen<\/a><\/p>\n","protected":false},"author":2907,"featured_media":0,"comment_status":"open","ping_status":"open","sticky":false,"template":"","format":"standard","meta":{"footnotes":""},"categories":[9,70],"tags":[935,196547,1977,196545,196548,196546],"class_list":["post-21475","post","type-post","status-publish","format-standard","hentry","category-allgemein","category-veranstaltungen","tag-europa","tag-europaeische-foerderprogramme","tag-europaische-union","tag-europaeischer-doktorandennetzwerke","tag-forschungsfoerderung","tag-innovative-training-networks"],"_links":{"self":[{"href":"https:\/\/blogs.fu-berlin.de\/bibliotheken\/wp-json\/wp\/v2\/posts\/21475","targetHints":{"allow":["GET"]}}],"collection":[{"href":"https:\/\/blogs.fu-berlin.de\/bibliotheken\/wp-json\/wp\/v2\/posts"}],"about":[{"href":"https:\/\/blogs.fu-berlin.de\/bibliotheken\/wp-json\/wp\/v2\/types\/post"}],"author":[{"embeddable":true,"href":"https:\/\/blogs.fu-berlin.de\/bibliotheken\/wp-json\/wp\/v2\/users\/2907"}],"replies":[{"embeddable":true,"href":"https:\/\/blogs.fu-berlin.de\/bibliotheken\/wp-json\/wp\/v2\/comments?post=21475"}],"version-history":[{"count":5,"href":"https:\/\/blogs.fu-berlin.de\/bibliotheken\/wp-json\/wp\/v2\/posts\/21475\/revisions"}],"predecessor-version":[{"id":29411,"href":"https:\/\/blogs.fu-berlin.de\/bibliotheken\/wp-json\/wp\/v2\/posts\/21475\/revisions\/29411"}],"wp:attachment":[{"href":"https:\/\/blogs.fu-berlin.de\/bibliotheken\/wp-json\/wp\/v2\/media?parent=21475"}],"wp:term":[{"taxonomy":"category","embeddable":true,"href":"https:\/\/blogs.fu-berlin.de\/bibliotheken\/wp-json\/wp\/v2\/categories?post=21475"},{"taxonomy":"post_tag","embeddable":true,"href":"https:\/\/blogs.fu-berlin.de\/bibliotheken\/wp-json\/wp\/v2\/tags?post=21475"}],"curies":[{"name":"wp","href":"https:\/\/api.w.org\/{rel}","templated":true}]}}