{"id":21490,"date":"2017-09-08T08:01:40","date_gmt":"2017-09-08T07:01:40","guid":{"rendered":"https:\/\/blogs.fu-berlin.de\/bibliotheken\/?p=21490"},"modified":"2017-09-08T08:01:40","modified_gmt":"2017-09-08T07:01:40","slug":"einladung-zum-world-cafe","status":"publish","type":"post","link":"https:\/\/blogs.fu-berlin.de\/bibliotheken\/2017\/09\/08\/einladung-zum-world-cafe\/","title":{"rendered":"Einladung zum World-Caf\u00e9"},"content":{"rendered":"<div class=\"editor-content box-news-doc-abstract\">\n<p>&#8222;Wie kann offener Zugang zu wissenschaftlichen Ergebnissen an der Freien Universit\u00e4t bef\u00f6rdert werden?&#8220;<\/p>\n<\/div>\n<div class=\"editor-content \">\n<p>Die <a href=\"https:\/\/www.openaccessweek.org\/\" target=\"_blank\" rel=\"noopener\"><em>Open Access Week<\/em><\/a> ist seit zehn Jahren die internationale dezentrale Veranstaltungswoche zum Thema Open Access und findet in diesem Jahr vom 23.-29.Oktober statt. Weltweit nutzen Open-Access-Akteur\/innen diese Woche, um Informationen zu Open Access zu verbreiten, auf neueste Entwicklungen aufmerksam zu machen und um sich zu vernetzen.<\/p>\n<p>In diesem Jahr m\u00f6chte die Freie Universit\u00e4t Berlin ihre Wissenschaftler\/innen und Mitarbeiter\/innen zu einer Diskussion im offenen World-Caf\u00e9-Format zum Thema &#8222;Wie kann offener Zugang zu wissenschaftlichen Ergebnissen an der Freien Universit\u00e4t bef\u00f6rdert werden?&#8220; herzlich einladen.<\/p>\n<p>Die Veranstaltung wird organisiert vom Open Access Team der Freien Universit\u00e4t Berlin in Zusammenarbeit mit der Universit\u00e4tsbibliothek.<\/p>\n<p><strong>Wann:<\/strong> Mittwoch, 25. Oktober 2017 von 13:00-16:00 Uhr<\/p>\n<p><strong>Wo:<\/strong> Freie Universit\u00e4t Berlin, Seminarzentrum, Raum: L 113 und L 116 (Erdgeschoss), Otto-von-Simson-Str. 26 (Silberlaube), 14195 Berlin (<a href=\"https:\/\/www.fu-berlin.de\/sites\/promovieren\/drs\/qualitaetssicherung\/Tag-der-Guten-Wissenschaftlichen-Praxis2017\/Seminarzentrum_Wegbeschreibung.pdf\">Anfahrt Seminarzentrum<\/a>)<\/p>\n<p><strong>Wir freuen uns auf Ihre Beteiligung!<\/strong><\/p>\n<p><a title=\"Einladung OA-Week 2016\" href=\"https:\/\/www.fu-berlin.de\/sites\/open_access\/weiteres\/Veranstaltungen\/oa-week-2017_world_cafe\/index.html\">Weitere Informationen <\/a>und <a href=\"https:\/\/www.fu-berlin.de\/sites\/open_access\/weiteres\/Veranstaltungen\/oa-week-2017_world_cafe\/PM_anmeldung_oa_worldcafe\/index.html\">Online-Anmeldung<\/a><a title=\"Einladung OA-Week 2016\" href=\"https:\/\/www.fu-berlin.de\/sites\/open_access\/weiteres\/Veranstaltungen\/oa-week-2017_world_cafe\/index.html\">.<\/a><\/p>\n<\/div>\n","protected":false},"excerpt":{"rendered":"<p>&#8222;Wie kann offener Zugang zu wissenschaftlichen Ergebnissen an der Freien Universit\u00e4t bef\u00f6rdert werden?&#8220; Die Open Access Week ist seit zehn Jahren die internationale dezentrale Veranstaltungswoche zum Thema Open Access und findet in diesem Jahr vom 23.-29.Oktober statt. Weltweit nutzen Open-Access-Akteur\/innen diese Woche, um Informationen zu Open Access zu verbreiten, auf neueste Entwicklungen aufmerksam zu machen &hellip; <a href=\"https:\/\/blogs.fu-berlin.de\/bibliotheken\/2017\/09\/08\/einladung-zum-world-cafe\/\" class=\"more-link\"><span class=\"screen-reader-text\">\u201eEinladung zum World-Caf\u00e9\u201c<\/span> weiterlesen<\/a><\/p>\n","protected":false},"author":2169,"featured_media":0,"comment_status":"open","ping_status":"open","sticky":false,"template":"","format":"standard","meta":{"footnotes":""},"categories":[70],"tags":[196553,196551,196554,196552],"class_list":["post-21490","post","type-post","status-publish","format-standard","hentry","category-veranstaltungen","tag-forschungsdaten","tag-open-access-week-2017","tag-wissenschaftliche-publikationen","tag-world-cafe"],"_links":{"self":[{"href":"https:\/\/blogs.fu-berlin.de\/bibliotheken\/wp-json\/wp\/v2\/posts\/21490","targetHints":{"allow":["GET"]}}],"collection":[{"href":"https:\/\/blogs.fu-berlin.de\/bibliotheken\/wp-json\/wp\/v2\/posts"}],"about":[{"href":"https:\/\/blogs.fu-berlin.de\/bibliotheken\/wp-json\/wp\/v2\/types\/post"}],"author":[{"embeddable":true,"href":"https:\/\/blogs.fu-berlin.de\/bibliotheken\/wp-json\/wp\/v2\/users\/2169"}],"replies":[{"embeddable":true,"href":"https:\/\/blogs.fu-berlin.de\/bibliotheken\/wp-json\/wp\/v2\/comments?post=21490"}],"version-history":[{"count":2,"href":"https:\/\/blogs.fu-berlin.de\/bibliotheken\/wp-json\/wp\/v2\/posts\/21490\/revisions"}],"predecessor-version":[{"id":21492,"href":"https:\/\/blogs.fu-berlin.de\/bibliotheken\/wp-json\/wp\/v2\/posts\/21490\/revisions\/21492"}],"wp:attachment":[{"href":"https:\/\/blogs.fu-berlin.de\/bibliotheken\/wp-json\/wp\/v2\/media?parent=21490"}],"wp:term":[{"taxonomy":"category","embeddable":true,"href":"https:\/\/blogs.fu-berlin.de\/bibliotheken\/wp-json\/wp\/v2\/categories?post=21490"},{"taxonomy":"post_tag","embeddable":true,"href":"https:\/\/blogs.fu-berlin.de\/bibliotheken\/wp-json\/wp\/v2\/tags?post=21490"}],"curies":[{"name":"wp","href":"https:\/\/api.w.org\/{rel}","templated":true}]}}