{"id":21535,"date":"2017-09-15T12:00:40","date_gmt":"2017-09-15T11:00:40","guid":{"rendered":"https:\/\/blogs.fu-berlin.de\/bibliotheken\/?p=21535"},"modified":"2017-09-27T06:38:53","modified_gmt":"2017-09-27T05:38:53","slug":"fernleihe-via-kobv-vom-19-20-09-2017-unterbrochen","status":"publish","type":"post","link":"https:\/\/blogs.fu-berlin.de\/bibliotheken\/2017\/09\/15\/fernleihe-via-kobv-vom-19-20-09-2017-unterbrochen\/","title":{"rendered":"Fernleihe via KOBV vom 19.-20.09.2017 unterbrochen"},"content":{"rendered":"<p>Wegen turnusm\u00e4\u00dfiger Wartungsarbeiten beim <a href=\"https:\/\/www.kobv.de\/\">Kooperativen Bibliotheksverbund Berlin-Brandenburg (KOBV)<\/a> wird es <strong>am Dienstag den 19. September 2017<\/strong> ab 18 Uhr bis voraussichtlich <strong>Mittwoch, den 20. September 2017<\/strong> bis ca. 22 Uhr zu Betriebsunterbrechungen kommen. In dieser Zeit werden keine Fernleihbestellungen m\u00f6glich sein:<\/p>\n<p><img loading=\"lazy\" decoding=\"async\" class=\"size-full wp-image-21537 aligncenter\" style=\"border: 1px solid black\" src=\"https:\/\/blogs.fu-berlin.de\/bibliotheken\/files\/2017\/09\/Fernleihe.gif\" alt=\"\" width=\"288\" height=\"80\" \/><\/p>\n<p>Im genannten Zeitraum sind dar\u00fcber hinaus weitere Dienste des KOBV selbst (KOBV-Portal, -Bibliothekenf\u00fchrer u. a.) nicht zug\u00e4nglich (vgl. <a href=\"https:\/\/www.kobv.de\/wartungstag-am-zib-20-september-2017\/\">Homepage des KOBV<\/a>).<\/p>\n<p><strong>Das Bibliotheksportal Primo ist nicht betroffen.<\/strong><\/p>\n<p>Wir bitten um Ihr Verst\u00e4ndnis.<br \/>\nIhre Universit\u00e4tsbibliothek<\/p>\n","protected":false},"excerpt":{"rendered":"<p>Wegen turnusm\u00e4\u00dfiger Wartungsarbeiten beim Kooperativen Bibliotheksverbund Berlin-Brandenburg (KOBV) wird es am Dienstag den 19. September 2017 ab 18 Uhr bis voraussichtlich Mittwoch, den 20. September 2017 bis ca. 22 Uhr zu Betriebsunterbrechungen kommen. In dieser Zeit werden keine Fernleihbestellungen m\u00f6glich sein: Im genannten Zeitraum sind dar\u00fcber hinaus weitere Dienste des KOBV selbst (KOBV-Portal, -Bibliothekenf\u00fchrer u. &hellip; <a href=\"https:\/\/blogs.fu-berlin.de\/bibliotheken\/2017\/09\/15\/fernleihe-via-kobv-vom-19-20-09-2017-unterbrochen\/\" class=\"more-link\"><span class=\"screen-reader-text\">\u201eFernleihe via KOBV vom 19.-20.09.2017 unterbrochen\u201c<\/span> weiterlesen<\/a><\/p>\n","protected":false},"author":293,"featured_media":0,"comment_status":"open","ping_status":"open","sticky":false,"template":"","format":"standard","meta":{"footnotes":""},"categories":[9,600,601],"tags":[749,1778,2431],"class_list":["post-21535","post","type-post","status-publish","format-standard","hentry","category-allgemein","category-fachbibliotheken","category-universitatsbibliothek","tag-fernleihe","tag-kobv","tag-wartungstag"],"_links":{"self":[{"href":"https:\/\/blogs.fu-berlin.de\/bibliotheken\/wp-json\/wp\/v2\/posts\/21535","targetHints":{"allow":["GET"]}}],"collection":[{"href":"https:\/\/blogs.fu-berlin.de\/bibliotheken\/wp-json\/wp\/v2\/posts"}],"about":[{"href":"https:\/\/blogs.fu-berlin.de\/bibliotheken\/wp-json\/wp\/v2\/types\/post"}],"author":[{"embeddable":true,"href":"https:\/\/blogs.fu-berlin.de\/bibliotheken\/wp-json\/wp\/v2\/users\/293"}],"replies":[{"embeddable":true,"href":"https:\/\/blogs.fu-berlin.de\/bibliotheken\/wp-json\/wp\/v2\/comments?post=21535"}],"version-history":[{"count":7,"href":"https:\/\/blogs.fu-berlin.de\/bibliotheken\/wp-json\/wp\/v2\/posts\/21535\/revisions"}],"predecessor-version":[{"id":21542,"href":"https:\/\/blogs.fu-berlin.de\/bibliotheken\/wp-json\/wp\/v2\/posts\/21535\/revisions\/21542"}],"wp:attachment":[{"href":"https:\/\/blogs.fu-berlin.de\/bibliotheken\/wp-json\/wp\/v2\/media?parent=21535"}],"wp:term":[{"taxonomy":"category","embeddable":true,"href":"https:\/\/blogs.fu-berlin.de\/bibliotheken\/wp-json\/wp\/v2\/categories?post=21535"},{"taxonomy":"post_tag","embeddable":true,"href":"https:\/\/blogs.fu-berlin.de\/bibliotheken\/wp-json\/wp\/v2\/tags?post=21535"}],"curies":[{"name":"wp","href":"https:\/\/api.w.org\/{rel}","templated":true}]}}