{"id":21556,"date":"2017-09-15T15:36:52","date_gmt":"2017-09-15T14:36:52","guid":{"rendered":"https:\/\/blogs.fu-berlin.de\/bibliotheken\/?p=21556"},"modified":"2017-09-15T15:55:57","modified_gmt":"2017-09-15T14:55:57","slug":"relaunch-des-fachportals-paedagogik","status":"publish","type":"post","link":"https:\/\/blogs.fu-berlin.de\/bibliotheken\/2017\/09\/15\/relaunch-des-fachportals-paedagogik\/","title":{"rendered":"Relaunch des Fachportals P\u00e4dagogik"},"content":{"rendered":"<p><a href=\"https:\/\/www.fachportal-paedagogik.de\/\"><img loading=\"lazy\" decoding=\"async\" class=\"alignright wp-image-21557 size-full\" style=\"border: 1px solid black\" src=\"https:\/\/blogs.fu-berlin.de\/bibliotheken\/files\/2017\/09\/fachportal_paedagogik.gif\" alt=\"\" width=\"187\" height=\"70\" \/><\/a>Seit heute erscheint das <a href=\"https:\/\/www.fachportal-paedagogik.de\/\">Fachportal P\u00e4dagogik<\/a> in neuem Design, wie im neu geschaffenen <a href=\"https:\/\/twitter.com\/hashtag\/RelaunchFachportalPaed?src=hash\">Twitter-Kanal<\/a> bekanntgegeben wurde. Neben einem \u00fcbersichtlicheren Layout soll sich das kostenfreie Online-Angebot zu den Bereichen Erziehungswissenschaft, Bildungsforschung und Fachdidaktik nun auch an alle g\u00e4ngigen Endger\u00e4te anpassen (vgl. <a href=\"https:\/\/www.fachportal-paedagogik.de\/relaunch_fachportal_paedagogik.html\">offizielle Meldung<\/a>).<\/p>\n<p>Auch einige Services wurden umstrukturiert bzw. neu ausgerichtet. Inhaltlich konzentriert sich die Startseite nun auf die drei Bereiche Literatur, Forschungsdaten und Forschungsinformation. Die Literaturrecherche basiert wie zuvor auf der <a href=\"https:\/\/dbis.ur.de\/detail.php?titel_id=277&amp;bib_id=fub\">Literaturdatenbank FIS Bildung<\/a> (zuletzt \u00fcber 800.000 Literaturnachweise), allerdings wurden Datenbest\u00e4nde laut Anbieter um aktuelle englischsprachige Monografien aus der Library of Congress und italienischsprachige Publikationen des Verlags Casalini Libri erg\u00e4nzt. Die urspr\u00fcnglich angebotene Metasuche entf\u00e4llt dadurch.<\/p>\n<p>In den kommenden Monaten soll das Fachportal P\u00e4dagogik weiterentwickelt werden. U. a. sind eine englischsprachige Oberfl\u00e4che und die Integration weitere Datenbanken (u. a. <a href=\"https:\/\/dbis.ur.de\/detail.php?titel_id=1178&amp;bib_id=fub\">ERIC<\/a>) im neu geschaffenen \u201eSuch- und Nachweisraum\u201c vorgesehen.<\/p>\n<p>Das Portal gilt als zentraler Einstieg in die erziehungswissenschaftliche Fachinformation f\u00fcr P\u00e4dagogen aus Forschung und Praxis und wird vom Deutschen Institut f\u00fcr Internationale P\u00e4dagogische Forschung (DIPF) betrieben.<\/p>\n","protected":false},"excerpt":{"rendered":"<p>Seit heute erscheint das Fachportal P\u00e4dagogik in neuem Design, wie im neu geschaffenen Twitter-Kanal bekanntgegeben wurde. Neben einem \u00fcbersichtlicheren Layout soll sich das kostenfreie Online-Angebot zu den Bereichen Erziehungswissenschaft, Bildungsforschung und Fachdidaktik nun auch an alle g\u00e4ngigen Endger\u00e4te anpassen (vgl. offizielle Meldung). Auch einige Services wurden umstrukturiert bzw. neu ausgerichtet. Inhaltlich konzentriert sich die Startseite &hellip; <a href=\"https:\/\/blogs.fu-berlin.de\/bibliotheken\/2017\/09\/15\/relaunch-des-fachportals-paedagogik\/\" class=\"more-link\"><span class=\"screen-reader-text\">\u201eRelaunch des Fachportals P\u00e4dagogik\u201c<\/span> weiterlesen<\/a><\/p>\n","protected":false},"author":293,"featured_media":0,"comment_status":"open","ping_status":"open","sticky":false,"template":"","format":"standard","meta":{"footnotes":""},"categories":[457,584805],"tags":[188022,996,196556,2423,2579],"class_list":["post-21556","post","type-post","status-publish","format-standard","hentry","category-digitale-bibliothek","category-was-ist-neu","tag-erziehungswissenschaft","tag-fachportal","tag-journalistik","tag-padagogik","tag-relaunch"],"_links":{"self":[{"href":"https:\/\/blogs.fu-berlin.de\/bibliotheken\/wp-json\/wp\/v2\/posts\/21556","targetHints":{"allow":["GET"]}}],"collection":[{"href":"https:\/\/blogs.fu-berlin.de\/bibliotheken\/wp-json\/wp\/v2\/posts"}],"about":[{"href":"https:\/\/blogs.fu-berlin.de\/bibliotheken\/wp-json\/wp\/v2\/types\/post"}],"author":[{"embeddable":true,"href":"https:\/\/blogs.fu-berlin.de\/bibliotheken\/wp-json\/wp\/v2\/users\/293"}],"replies":[{"embeddable":true,"href":"https:\/\/blogs.fu-berlin.de\/bibliotheken\/wp-json\/wp\/v2\/comments?post=21556"}],"version-history":[{"count":6,"href":"https:\/\/blogs.fu-berlin.de\/bibliotheken\/wp-json\/wp\/v2\/posts\/21556\/revisions"}],"predecessor-version":[{"id":21565,"href":"https:\/\/blogs.fu-berlin.de\/bibliotheken\/wp-json\/wp\/v2\/posts\/21556\/revisions\/21565"}],"wp:attachment":[{"href":"https:\/\/blogs.fu-berlin.de\/bibliotheken\/wp-json\/wp\/v2\/media?parent=21556"}],"wp:term":[{"taxonomy":"category","embeddable":true,"href":"https:\/\/blogs.fu-berlin.de\/bibliotheken\/wp-json\/wp\/v2\/categories?post=21556"},{"taxonomy":"post_tag","embeddable":true,"href":"https:\/\/blogs.fu-berlin.de\/bibliotheken\/wp-json\/wp\/v2\/tags?post=21556"}],"curies":[{"name":"wp","href":"https:\/\/api.w.org\/{rel}","templated":true}]}}