{"id":21782,"date":"2017-09-25T14:25:32","date_gmt":"2017-09-25T13:25:32","guid":{"rendered":"https:\/\/blogs.fu-berlin.de\/bibliotheken\/?p=21782"},"modified":"2017-09-26T07:18:51","modified_gmt":"2017-09-26T06:18:51","slug":"ausstellung-ueber-open-access-an-der-freien-universitaet-berlin","status":"publish","type":"post","link":"https:\/\/blogs.fu-berlin.de\/bibliotheken\/2017\/09\/25\/ausstellung-ueber-open-access-an-der-freien-universitaet-berlin\/","title":{"rendered":"Ausstellung \u00fcber &#8222;Open Access an der Freien Universit\u00e4t Berlin&#8220;"},"content":{"rendered":"<p><img loading=\"lazy\" decoding=\"async\" class=\"alignright size-full wp-image-21786\" src=\"https:\/\/blogs.fu-berlin.de\/bibliotheken\/files\/2017\/09\/logo_OA-FU_RGB.png\" alt=\"\" width=\"183\" height=\"85\" \/>Die Universit\u00e4tsbibliothek zeigt vom 25. September bis 27. Oktober 2017 eine kleine Ausstellung zum Thema &#8222;Open Access \u2013 an der Freien Universit\u00e4t Berlin&#8220;. Sie erfahren etwas \u00fcber die Begrifflichkeiten und Geschichte des Open Access und k\u00f6nnen sich einen \u00dcberblick \u00fcber Best Practice Beispiele verschaffen. Ausserdem werden Dienstleistungen, die die Universit\u00e4tsbibliothek und das Center f\u00fcr Digitale Systeme (CeDiS) in diesem Zusammenhang anbieten, anschaulich dargestellt. Den Abschluss bilden B\u00fccher zum Thema Open Access und eine Posterpr\u00e4sentation.<\/p>\n<p>Die Ausstellung ist zu den \u00fcblichen \u00d6ffnungszeiten der Universit\u00e4tsbibliothek \u2013 Montag bis Freitag 9:00 -20:00 Uhr \u2013 im Foyer der Bibliothek \u00f6ffentlich und kostenfrei zug\u00e4nglich.<\/p>\n<p>Weitere Informationen erhalten Sie unter <a class=\"moz-txt-link-abbreviated\" href=\"mailto:edocs@ub.fu-berlin.de\">edocs@ub.fu-berlin.de<\/a>.<\/p>\n","protected":false},"excerpt":{"rendered":"<p>Die Universit\u00e4tsbibliothek zeigt vom 25. September bis 27. Oktober 2017 eine kleine Ausstellung zum Thema &#8222;Open Access \u2013 an der Freien Universit\u00e4t Berlin&#8220;. Sie erfahren etwas \u00fcber die Begrifflichkeiten und Geschichte des Open Access und k\u00f6nnen sich einen \u00dcberblick \u00fcber Best Practice Beispiele verschaffen. Ausserdem werden Dienstleistungen, die die Universit\u00e4tsbibliothek und das Center f\u00fcr Digitale &hellip; <a href=\"https:\/\/blogs.fu-berlin.de\/bibliotheken\/2017\/09\/25\/ausstellung-ueber-open-access-an-der-freien-universitaet-berlin\/\" class=\"more-link\"><span class=\"screen-reader-text\">\u201eAusstellung \u00fcber &#8222;Open Access an der Freien Universit\u00e4t Berlin&#8220;\u201c<\/span> weiterlesen<\/a><\/p>\n","protected":false},"author":2169,"featured_media":0,"comment_status":"open","ping_status":"open","sticky":false,"template":"","format":"standard","meta":{"footnotes":""},"categories":[70],"tags":[581,2351,552],"class_list":["post-21782","post","type-post","status-publish","format-standard","hentry","category-veranstaltungen","tag-ausstellung","tag-best-practice","tag-open-access"],"_links":{"self":[{"href":"https:\/\/blogs.fu-berlin.de\/bibliotheken\/wp-json\/wp\/v2\/posts\/21782","targetHints":{"allow":["GET"]}}],"collection":[{"href":"https:\/\/blogs.fu-berlin.de\/bibliotheken\/wp-json\/wp\/v2\/posts"}],"about":[{"href":"https:\/\/blogs.fu-berlin.de\/bibliotheken\/wp-json\/wp\/v2\/types\/post"}],"author":[{"embeddable":true,"href":"https:\/\/blogs.fu-berlin.de\/bibliotheken\/wp-json\/wp\/v2\/users\/2169"}],"replies":[{"embeddable":true,"href":"https:\/\/blogs.fu-berlin.de\/bibliotheken\/wp-json\/wp\/v2\/comments?post=21782"}],"version-history":[{"count":4,"href":"https:\/\/blogs.fu-berlin.de\/bibliotheken\/wp-json\/wp\/v2\/posts\/21782\/revisions"}],"predecessor-version":[{"id":21787,"href":"https:\/\/blogs.fu-berlin.de\/bibliotheken\/wp-json\/wp\/v2\/posts\/21782\/revisions\/21787"}],"wp:attachment":[{"href":"https:\/\/blogs.fu-berlin.de\/bibliotheken\/wp-json\/wp\/v2\/media?parent=21782"}],"wp:term":[{"taxonomy":"category","embeddable":true,"href":"https:\/\/blogs.fu-berlin.de\/bibliotheken\/wp-json\/wp\/v2\/categories?post=21782"},{"taxonomy":"post_tag","embeddable":true,"href":"https:\/\/blogs.fu-berlin.de\/bibliotheken\/wp-json\/wp\/v2\/tags?post=21782"}],"curies":[{"name":"wp","href":"https:\/\/api.w.org\/{rel}","templated":true}]}}