{"id":21794,"date":"2017-09-27T07:44:38","date_gmt":"2017-09-27T06:44:38","guid":{"rendered":"https:\/\/blogs.fu-berlin.de\/bibliotheken\/?p=21794"},"modified":"2017-09-27T08:22:26","modified_gmt":"2017-09-27T07:22:26","slug":"leseverhalten-der-generation-smartphone","status":"publish","type":"post","link":"https:\/\/blogs.fu-berlin.de\/bibliotheken\/2017\/09\/27\/leseverhalten-der-generation-smartphone\/","title":{"rendered":"Leseverhalten der Generation Smartphone"},"content":{"rendered":"<p>Zur Jahrestagung der Internationalen Buchwissenschaftlichen Gesellschaft in M\u00fcnchen (20.-22. September) wurde der Medienwissenschaftler Henning Lobin von Deutschlandfunk Kultur <a href=\"https:\/\/www.deutschlandfunkkultur.de\/die-zukunft-des-lesens-wie-liest-die-generation-smartphone.1008.de.html?dram%3Aarticle_id=396293\">befragt<\/a>. In Zeiten von Like-Buttons, kurzen Twitter-Nachrichten und Emojis ging es um die Frage, ob junge Leser \u00fcberhaupt noch lange Texte verstehen k\u00f6nnen. Aber keine Angst, Lobin wei\u00df in Sachen Harry-Potter-Generation zu beruhigen \ud83d\ude09 &#8230;<\/p>\n<h6>(Gesehen im <a href=\"https:\/\/www.univie.ac.at\/voeb\/blog\/?p=44426\">V\u00f6bblog<\/a>)<\/h6>\n","protected":false},"excerpt":{"rendered":"<p>Zur Jahrestagung der Internationalen Buchwissenschaftlichen Gesellschaft in M\u00fcnchen (20.-22. September) wurde der Medienwissenschaftler Henning Lobin von Deutschlandfunk Kultur befragt. In Zeiten von Like-Buttons, kurzen Twitter-Nachrichten und Emojis ging es um die Frage, ob junge Leser \u00fcberhaupt noch lange Texte verstehen k\u00f6nnen. Aber keine Angst, Lobin wei\u00df in Sachen Harry-Potter-Generation zu beruhigen \ud83d\ude09 &#8230; (Gesehen im &hellip; <a href=\"https:\/\/blogs.fu-berlin.de\/bibliotheken\/2017\/09\/27\/leseverhalten-der-generation-smartphone\/\" class=\"more-link\"><span class=\"screen-reader-text\">\u201eLeseverhalten der Generation Smartphone\u201c<\/span> weiterlesen<\/a><\/p>\n","protected":false},"author":293,"featured_media":0,"comment_status":"open","ping_status":"open","sticky":false,"template":"","format":"standard","meta":{"footnotes":""},"categories":[9,604],"tags":[480,196564,672,196563],"class_list":["post-21794","post","type-post","status-publish","format-standard","hentry","category-allgemein","category-ins-netz-geschaut","tag-digitalisierung","tag-generation-y","tag-lesen","tag-leseverhalten"],"_links":{"self":[{"href":"https:\/\/blogs.fu-berlin.de\/bibliotheken\/wp-json\/wp\/v2\/posts\/21794","targetHints":{"allow":["GET"]}}],"collection":[{"href":"https:\/\/blogs.fu-berlin.de\/bibliotheken\/wp-json\/wp\/v2\/posts"}],"about":[{"href":"https:\/\/blogs.fu-berlin.de\/bibliotheken\/wp-json\/wp\/v2\/types\/post"}],"author":[{"embeddable":true,"href":"https:\/\/blogs.fu-berlin.de\/bibliotheken\/wp-json\/wp\/v2\/users\/293"}],"replies":[{"embeddable":true,"href":"https:\/\/blogs.fu-berlin.de\/bibliotheken\/wp-json\/wp\/v2\/comments?post=21794"}],"version-history":[{"count":2,"href":"https:\/\/blogs.fu-berlin.de\/bibliotheken\/wp-json\/wp\/v2\/posts\/21794\/revisions"}],"predecessor-version":[{"id":21801,"href":"https:\/\/blogs.fu-berlin.de\/bibliotheken\/wp-json\/wp\/v2\/posts\/21794\/revisions\/21801"}],"wp:attachment":[{"href":"https:\/\/blogs.fu-berlin.de\/bibliotheken\/wp-json\/wp\/v2\/media?parent=21794"}],"wp:term":[{"taxonomy":"category","embeddable":true,"href":"https:\/\/blogs.fu-berlin.de\/bibliotheken\/wp-json\/wp\/v2\/categories?post=21794"},{"taxonomy":"post_tag","embeddable":true,"href":"https:\/\/blogs.fu-berlin.de\/bibliotheken\/wp-json\/wp\/v2\/tags?post=21794"}],"curies":[{"name":"wp","href":"https:\/\/api.w.org\/{rel}","templated":true}]}}