{"id":21854,"date":"2017-10-05T15:45:18","date_gmt":"2017-10-05T14:45:18","guid":{"rendered":"https:\/\/blogs.fu-berlin.de\/bibliotheken\/?p=21854"},"modified":"2017-10-10T09:26:40","modified_gmt":"2017-10-10T08:26:40","slug":"bestellung-von-medien-in-einen-abholort-ihrer-wahl","status":"publish","type":"post","link":"https:\/\/blogs.fu-berlin.de\/bibliotheken\/2017\/10\/05\/bestellung-von-medien-in-einen-abholort-ihrer-wahl\/","title":{"rendered":"Bestellung von Medien an einen Abholort Ihrer Wahl"},"content":{"rendered":"<p>Ab dem<strong> 9. Oktober 2017<\/strong> wird ein neuer Transport-Service zwischen den FU-Bibliotheken angeboten, der NutzerInnen mehrerer Bibliotheken viel Zeit und Aufwand ersparen kann.<\/p>\n<p>Sie k\u00f6nnen bei der Bestellung\/Vormerkung entscheiden, in welcher FU-Bibliothek (au\u00dfer Philologischer Bibliothek) Sie ein Medium zur Nachhause-Ausleihe abholen m\u00f6chten. In der Bestellmaske sehen Sie die m\u00f6glichen Abholorte.<\/p>\n<p>Zur Erinnerung &#8230; die Bestell-\/Vormerkoptionen sind im Bibliotheksportal Primo erst nach der Anmeldung und nur f\u00fcr Magazinbestand oder ausgeliehene Werke sichtbar. Aus der Universit\u00e4tsbibliothek k\u00f6nnen alle nach Hause entleihbaren Medien an einen Abholort Ihrer Wahl bestellt werden.<\/p>\n<h2>Bei welchen Medien gibt es keine Wahl des Abholortes?<\/h2>\n<p>Bitte beachten Sie, dass Sie bei Kurz-\/Wochendausleihen, Pr\u00e4senzbest\u00e4nden und als Selbstausleihe ausgewiesenen Best\u00e4nden wie gewohnt selbst ans Regal gehen m\u00fcssen. Auch Sonderbest\u00e4nde, wie Gesch\u00fctzer Bestand oder Rara-B\u00e4nde sind\u00a0 vom B\u00fcchertransport ausgenommen und k\u00f6nnen i.d.R. nur zur Benutzung im Lesesaal der besitzenden Bibliothek bestellt werden.<\/p>\n<p>Die Philologische Bibliothek nimmt als Abholort f\u00fcr Medien anderer FU-Bibliotheken zun\u00e4chst noch nicht teil, so kann bspw. ein Buch, das in der UB vorhanden ist, nicht in die Philologische Bibliothek bestellt werden.<\/p>\n<p>Die Bibliothek am Botanischen Garten und Botanischen Museum (BGBM) nimmt an diesem Service noch nicht teil.<\/p>\n<h2>Lieferdauer<\/h2>\n<p>Bitte kalkulieren Sie ein, dass der Transport in die Bibliothek Ihrer Wahl 1-2 \u00d6ffnungstage in Anspruch nimmt. Sie werden per E-Mail \u00fcber die Bereitstellung und die Dauer der Bereitstellung informiert.<\/p>\n<h2>Buchr\u00fcckgabe in allen FU-Bibliotheken seit 2 Jahren<\/h2>\n<p>Bereits seit 2 Jahren k\u00f6nnen ausgeliehene FU-Medien bei allen FU-Leihstellen au\u00dfer in der Bibliothek am Botanischen Garten und Botanischen Museum (BGBM) zur\u00fcckgegeben werden.<\/p>\n<hr \/>\n<p>Diesen Service gibt es leider nicht zwischen den FU-Bibliotheken und den Bibliotheken der Charit\u00e9!<\/p>\n","protected":false},"excerpt":{"rendered":"<p>Ab dem 9. Oktober 2017 wird ein neuer Transport-Service zwischen den FU-Bibliotheken angeboten, der NutzerInnen mehrerer Bibliotheken viel Zeit und Aufwand ersparen kann. Sie k\u00f6nnen bei der Bestellung\/Vormerkung entscheiden, in welcher FU-Bibliothek (au\u00dfer Philologischer Bibliothek) Sie ein Medium zur Nachhause-Ausleihe abholen m\u00f6chten. In der Bestellmaske sehen Sie die m\u00f6glichen Abholorte. Zur Erinnerung &#8230; die Bestell-\/Vormerkoptionen &hellip; <a href=\"https:\/\/blogs.fu-berlin.de\/bibliotheken\/2017\/10\/05\/bestellung-von-medien-in-einen-abholort-ihrer-wahl\/\" class=\"more-link\"><span class=\"screen-reader-text\">\u201eBestellung von Medien an einen Abholort Ihrer Wahl\u201c<\/span> weiterlesen<\/a><\/p>\n","protected":false},"author":265,"featured_media":0,"comment_status":"open","ping_status":"open","sticky":false,"template":"","format":"standard","meta":{"footnotes":""},"categories":[600,518,601],"tags":[196585],"class_list":["post-21854","post","type-post","status-publish","format-standard","hentry","category-fachbibliotheken","category-fu-kataloge","category-universitatsbibliothek","tag-abholort"],"_links":{"self":[{"href":"https:\/\/blogs.fu-berlin.de\/bibliotheken\/wp-json\/wp\/v2\/posts\/21854","targetHints":{"allow":["GET"]}}],"collection":[{"href":"https:\/\/blogs.fu-berlin.de\/bibliotheken\/wp-json\/wp\/v2\/posts"}],"about":[{"href":"https:\/\/blogs.fu-berlin.de\/bibliotheken\/wp-json\/wp\/v2\/types\/post"}],"author":[{"embeddable":true,"href":"https:\/\/blogs.fu-berlin.de\/bibliotheken\/wp-json\/wp\/v2\/users\/265"}],"replies":[{"embeddable":true,"href":"https:\/\/blogs.fu-berlin.de\/bibliotheken\/wp-json\/wp\/v2\/comments?post=21854"}],"version-history":[{"count":8,"href":"https:\/\/blogs.fu-berlin.de\/bibliotheken\/wp-json\/wp\/v2\/posts\/21854\/revisions"}],"predecessor-version":[{"id":21889,"href":"https:\/\/blogs.fu-berlin.de\/bibliotheken\/wp-json\/wp\/v2\/posts\/21854\/revisions\/21889"}],"wp:attachment":[{"href":"https:\/\/blogs.fu-berlin.de\/bibliotheken\/wp-json\/wp\/v2\/media?parent=21854"}],"wp:term":[{"taxonomy":"category","embeddable":true,"href":"https:\/\/blogs.fu-berlin.de\/bibliotheken\/wp-json\/wp\/v2\/categories?post=21854"},{"taxonomy":"post_tag","embeddable":true,"href":"https:\/\/blogs.fu-berlin.de\/bibliotheken\/wp-json\/wp\/v2\/tags?post=21854"}],"curies":[{"name":"wp","href":"https:\/\/api.w.org\/{rel}","templated":true}]}}