{"id":21868,"date":"2017-10-12T12:30:49","date_gmt":"2017-10-12T11:30:49","guid":{"rendered":"https:\/\/blogs.fu-berlin.de\/bibliotheken\/?p=21868"},"modified":"2021-09-14T13:45:57","modified_gmt":"2021-09-14T12:45:57","slug":"die-europaeische-kommission-laedt-zur-veranstaltung-demografie-und-arbeitsmarkt-ein","status":"publish","type":"post","link":"https:\/\/blogs.fu-berlin.de\/bibliotheken\/2017\/10\/12\/die-europaeische-kommission-laedt-zur-veranstaltung-demografie-und-arbeitsmarkt-ein\/","title":{"rendered":"Die Europ\u00e4ische Kommission l\u00e4dt zur Veranstaltung &#8222;Demografie und Arbeitsmarkt&#8220; ein"},"content":{"rendered":"\n<p><em><span class=\"has-inline-color has-bright-red-color\">Der Betrieb des \u201eDokumentationszentrums UN \u2013 EU\u201c wird eingestellt. Die entsprechende Literatur bleibt im Bestand und ist weiterhin zug\u00e4nglich.<\/span><\/em><\/p>\n\n\n<p>am Donnerstag,<strong> 19. Oktober 2017<\/strong>, von 16:00 bis 19:00 Uhr im Europ\u00e4ischen Haus, Unter den Linden 78, 10117 Berlin: &#8222;<strong>Demografie und Arbeitsmarkt: <\/strong><strong>Wie setzen wir die richtigen Anreize f\u00fcr eine h\u00f6here Erwerbsbeteiligung von Frauen und Geringverdienern?&#8220; <\/strong><\/p>\n<p>Der deutsche Arbeitsmarkt steht vor gewaltigen demographischen Herausforderungen. Schon jetzt wird vielerorts \u00fcber Fachkr\u00e4ftemangel geklagt. Mit dem Eintreten der geburtenstarken Jahrg\u00e4nge in die Rente werden diese Probleme in der Zukunft noch zunehmen. Umso wichtiger ist es, dass Steuer-, Abgaben und Transfersysteme so gestaltet werden, dass zumindest das vorhandene Arbeitskr\u00e4ftepotential voll ausgesch\u00f6pft wird.<\/p>\n<p>Die Europ\u00e4ische Kommission und die OECD kritisieren regelm\u00e4\u00dfig die hohe Belastung von Zweitverdienern (insbesondere Frauen) sowie Beziehern von kleinen und mittleren Einkommen mit Steuern und Sozialversicherungsbetr\u00e4gen.\u00a0 Bietet unser Steuer- und Abgabensystem gen\u00fcgend Anreize, Arbeit aufzunehmen, oder belohnt es sogar Besch\u00e4ftigung in Teilzeit und Minijobs? Wie wirken sich Ehegattensplitting und andere steuerliche Regelungen auf die Erwerbsbeteiligung aus? Welche Reformm\u00f6glichkeiten gibt es, um das Potential an Arbeitskr\u00e4ften zu erh\u00f6hen?<\/p>\n<p>Diese Fragen m\u00f6chten wir mit hochrangigen Experten und Vertretern der Europ\u00e4ischen Kommission diskutieren. <del><\/del>Wir w\u00fcrden uns \u00fcber Ihre Teilnahme sehr freuen und bitten um <strong><a href=\"https:\/\/eu-kommission.yve-tool.de\/public_registration\/5985\">Anmeldung<\/a><\/strong> bis zum 16.10.2017.<\/p>\n<p><strong><em>Aufgrund der erh\u00f6hten Sicherheitsstandards ist die Teilnahme nur nach Anmeldung m\u00f6glich. Bitte beachten Sie, dass bei der Registrierung die Vorlage des Personalausweises erforderlich ist. <\/em><\/strong><\/p>\n<p>Noch mehr Informationen zur EU bekommen Sie in unserem <a href=\"https:\/\/www.ub.fu-berlin.de\/bibliothek\/uneu\/\">Dokumentationszentrum UN-EU<\/a>.<\/p>","protected":false},"excerpt":{"rendered":"<p>Der Betrieb des \u201eDokumentationszentrums UN \u2013 EU\u201c wird eingestellt. Die entsprechende Literatur bleibt im Bestand und ist weiterhin zug\u00e4nglich. am Donnerstag, 19. Oktober 2017, von 16:00 bis 19:00 Uhr im Europ\u00e4ischen Haus, Unter den Linden 78, 10117 Berlin: &#8222;Demografie und Arbeitsmarkt: Wie setzen wir die richtigen Anreize f\u00fcr eine h\u00f6here Erwerbsbeteiligung von Frauen und Geringverdienern?&#8220; &hellip; <a href=\"https:\/\/blogs.fu-berlin.de\/bibliotheken\/2017\/10\/12\/die-europaeische-kommission-laedt-zur-veranstaltung-demografie-und-arbeitsmarkt-ein\/\" class=\"more-link\"><span class=\"screen-reader-text\">\u201eDie Europ\u00e4ische Kommission l\u00e4dt zur Veranstaltung &#8222;Demografie und Arbeitsmarkt&#8220; ein\u201c<\/span> weiterlesen<\/a><\/p>\n","protected":false},"author":2907,"featured_media":0,"comment_status":"open","ping_status":"open","sticky":false,"template":"","format":"standard","meta":{"footnotes":""},"categories":[9,70],"tags":[12021,12131,2458,56945],"class_list":["post-21868","post","type-post","status-publish","format-standard","hentry","category-allgemein","category-veranstaltungen","tag-arbeitsmarkt","tag-demographie","tag-dokumentationszentrum-un-eu","tag-europaeische-kommission"],"_links":{"self":[{"href":"https:\/\/blogs.fu-berlin.de\/bibliotheken\/wp-json\/wp\/v2\/posts\/21868","targetHints":{"allow":["GET"]}}],"collection":[{"href":"https:\/\/blogs.fu-berlin.de\/bibliotheken\/wp-json\/wp\/v2\/posts"}],"about":[{"href":"https:\/\/blogs.fu-berlin.de\/bibliotheken\/wp-json\/wp\/v2\/types\/post"}],"author":[{"embeddable":true,"href":"https:\/\/blogs.fu-berlin.de\/bibliotheken\/wp-json\/wp\/v2\/users\/2907"}],"replies":[{"embeddable":true,"href":"https:\/\/blogs.fu-berlin.de\/bibliotheken\/wp-json\/wp\/v2\/comments?post=21868"}],"version-history":[{"count":6,"href":"https:\/\/blogs.fu-berlin.de\/bibliotheken\/wp-json\/wp\/v2\/posts\/21868\/revisions"}],"predecessor-version":[{"id":29398,"href":"https:\/\/blogs.fu-berlin.de\/bibliotheken\/wp-json\/wp\/v2\/posts\/21868\/revisions\/29398"}],"wp:attachment":[{"href":"https:\/\/blogs.fu-berlin.de\/bibliotheken\/wp-json\/wp\/v2\/media?parent=21868"}],"wp:term":[{"taxonomy":"category","embeddable":true,"href":"https:\/\/blogs.fu-berlin.de\/bibliotheken\/wp-json\/wp\/v2\/categories?post=21868"},{"taxonomy":"post_tag","embeddable":true,"href":"https:\/\/blogs.fu-berlin.de\/bibliotheken\/wp-json\/wp\/v2\/tags?post=21868"}],"curies":[{"name":"wp","href":"https:\/\/api.w.org\/{rel}","templated":true}]}}