{"id":21897,"date":"2017-10-13T10:16:53","date_gmt":"2017-10-13T09:16:53","guid":{"rendered":"https:\/\/blogs.fu-berlin.de\/bibliotheken\/?p=21897"},"modified":"2017-10-13T10:28:51","modified_gmt":"2017-10-13T09:28:51","slug":"diskussionsveranstaltung-open-access-an-der-freien-universitaet","status":"publish","type":"post","link":"https:\/\/blogs.fu-berlin.de\/bibliotheken\/2017\/10\/13\/diskussionsveranstaltung-open-access-an-der-freien-universitaet\/","title":{"rendered":"Diskussionsveranstaltung &#8222;Open Access an der Freien Universit\u00e4t&#8220;"},"content":{"rendered":"<p><strong>Einladung zum offenen Gedankenaustausch am 25. Oktober 2017\u00a0<\/strong><br \/>\n<strong>\u00a0<\/strong><br \/>\nOpen Access ver\u00e4ndert die Publikationskultur \u00fcber alle F\u00e4cher hinweg. Doch was bedeutet dieser Wandel f\u00fcr die Freie Universit\u00e4t und wie kann er gestaltet werden? Wie kann die Anzahl der im Open-Access-Format verf\u00fcgbaren Publikationen erh\u00f6ht werden? Was steht dem im Wege? Was brauchen die Wissenschaftlerinnen und Wissenschaftler, um ihre Ver\u00f6ffentlichungen frei verf\u00fcgbar zu machen?<\/p>\n<p>Anl\u00e4sslich der internationalen Open-Access-Woche laden wir Wissenschaftlerinnen und Wissenschaftler sowie Angeh\u00f6rige der Freien Universit\u00e4t zu einem Gedankenaustausch im Format eines World Caf\u00e9s ein: Gemeinsam mit Ihnen m\u00f6chten wir neue Ideen entwickeln, wie Open Access an der Freien Universit\u00e4t st\u00e4rker gef\u00f6rdert und erfolgreich umgesetzt werden kann.<\/p>\n<p><strong>Wer:<br \/>\n<\/strong>Forschende und Mitarbeitende der Freien Universit\u00e4t;\u00a0 Open-Access-Skeptiker ebenso wie Bef\u00fcrworter; Erfahrene ebenso wie Neulinge auf dem Gebiet des offenen Publizierens.<br \/>\n<strong>Wann:<\/strong><br \/>\nMittwoch, 25. Oktober 2017 von 13:00-16:00 Uhr<br \/>\n<strong>Wo:<\/strong><br \/>\nFreie Universit\u00e4t Berlin, Seminarzentrum, Raum: L 113 und L 116 (Erdgeschoss), Otto-von-Simson-Str. 26 (Silberlaube), 14195 Berlin.<\/p>\n<p><strong>Online-Anmeldung:<\/strong><br \/>\n<a href=\"https:\/\/www.fu-berlin.de\/sites\/open_access\/weiteres\/Veranstaltungen\/oa-week-2017_world_cafe\/PM_anmeldung_oa_worldcafe\/\" target=\"_blank\" rel=\"noopener\">www.fu-berlin.de\/sites\/open_access\/weiteres\/Veranstaltungen\/oa-week-2017_world_cafe\/PM_anmeldung_oa_worldcafe\/<\/a><br \/>\n<strong>Veranstaltungswebsite:<br \/>\n<\/strong><a href=\"https:\/\/www.fu-berlin.de\/sites\/open_access\/weiteres\/Veranstaltungen\/oa-week-2017_world_cafe\" target=\"_blank\" rel=\"noopener\">www.fu-berlin.de\/sites\/open_access\/weiteres\/Veranstaltungen\/oa-week-2017_world_cafe<\/a><\/p>\n<p>s.a. <a href=\"https:\/\/blogs.fu-berlin.de\/bibliotheken\/?s=world+cafe\" target=\"_blank\" rel=\"noopener\">https:\/\/blogs.fu-berlin.de\/bibliotheken\/category\/veranstaltungen\/<\/a><\/p>\n","protected":false},"excerpt":{"rendered":"<p>Einladung zum offenen Gedankenaustausch am 25. Oktober 2017\u00a0 \u00a0 Open Access ver\u00e4ndert die Publikationskultur \u00fcber alle F\u00e4cher hinweg. Doch was bedeutet dieser Wandel f\u00fcr die Freie Universit\u00e4t und wie kann er gestaltet werden? Wie kann die Anzahl der im Open-Access-Format verf\u00fcgbaren Publikationen erh\u00f6ht werden? Was steht dem im Wege? Was brauchen die Wissenschaftlerinnen und Wissenschaftler, &hellip; <a href=\"https:\/\/blogs.fu-berlin.de\/bibliotheken\/2017\/10\/13\/diskussionsveranstaltung-open-access-an-der-freien-universitaet\/\" class=\"more-link\"><span class=\"screen-reader-text\">\u201eDiskussionsveranstaltung &#8222;Open Access an der Freien Universit\u00e4t&#8220;\u201c<\/span> weiterlesen<\/a><\/p>\n","protected":false},"author":2169,"featured_media":0,"comment_status":"open","ping_status":"open","sticky":false,"template":"","format":"standard","meta":{"footnotes":""},"categories":[9],"tags":[552,2102,196552],"class_list":["post-21897","post","type-post","status-publish","format-standard","hentry","category-allgemein","tag-open-access","tag-veranstaltung","tag-world-cafe"],"_links":{"self":[{"href":"https:\/\/blogs.fu-berlin.de\/bibliotheken\/wp-json\/wp\/v2\/posts\/21897","targetHints":{"allow":["GET"]}}],"collection":[{"href":"https:\/\/blogs.fu-berlin.de\/bibliotheken\/wp-json\/wp\/v2\/posts"}],"about":[{"href":"https:\/\/blogs.fu-berlin.de\/bibliotheken\/wp-json\/wp\/v2\/types\/post"}],"author":[{"embeddable":true,"href":"https:\/\/blogs.fu-berlin.de\/bibliotheken\/wp-json\/wp\/v2\/users\/2169"}],"replies":[{"embeddable":true,"href":"https:\/\/blogs.fu-berlin.de\/bibliotheken\/wp-json\/wp\/v2\/comments?post=21897"}],"version-history":[{"count":7,"href":"https:\/\/blogs.fu-berlin.de\/bibliotheken\/wp-json\/wp\/v2\/posts\/21897\/revisions"}],"predecessor-version":[{"id":21905,"href":"https:\/\/blogs.fu-berlin.de\/bibliotheken\/wp-json\/wp\/v2\/posts\/21897\/revisions\/21905"}],"wp:attachment":[{"href":"https:\/\/blogs.fu-berlin.de\/bibliotheken\/wp-json\/wp\/v2\/media?parent=21897"}],"wp:term":[{"taxonomy":"category","embeddable":true,"href":"https:\/\/blogs.fu-berlin.de\/bibliotheken\/wp-json\/wp\/v2\/categories?post=21897"},{"taxonomy":"post_tag","embeddable":true,"href":"https:\/\/blogs.fu-berlin.de\/bibliotheken\/wp-json\/wp\/v2\/tags?post=21897"}],"curies":[{"name":"wp","href":"https:\/\/api.w.org\/{rel}","templated":true}]}}