{"id":21936,"date":"2017-10-19T10:30:06","date_gmt":"2017-10-19T09:30:06","guid":{"rendered":"https:\/\/blogs.fu-berlin.de\/bibliotheken\/?p=21936"},"modified":"2021-09-14T13:44:39","modified_gmt":"2021-09-14T12:44:39","slug":"neuer-bericht-zum-zusammenhalt-in-der-eu","status":"publish","type":"post","link":"https:\/\/blogs.fu-berlin.de\/bibliotheken\/2017\/10\/19\/neuer-bericht-zum-zusammenhalt-in-der-eu\/","title":{"rendered":"Neuer Bericht zum Zusammenhalt in der EU"},"content":{"rendered":"\n<p><em><span class=\"has-inline-color has-bright-red-color\">Der Betrieb des \u201eDokumentationszentrums UN \u2013 EU\u201c wird eingestellt. Die entsprechende Literatur bleibt im Bestand und ist weiterhin zug\u00e4nglich.<\/span><\/em><\/p>\n\n\n<p><a href=\"https:\/\/ec.europa.eu\/regional_policy\/en\/information\/cohesion-report\/\"><img decoding=\"async\" class=\"alignright\" src=\"https:\/\/ec.europa.eu\/regional_policy\/sources\/docoffic\/official\/reports\/cohesion7\/7cr.png\" alt=\"https:\/\/ec.europa.eu\/regional_policy\/sources\/docoffic\/official\/reports\/cohesion7\/7cr.png\"><\/a>Der Siebte Bericht \u00fcber den wirtschaftlichen, sozialen und territorialen Zusammenhalt ist gerade frisch erschienen. Ihm voraus geht eine gleichlautende Studie, die alle drei Jahre durchgef\u00fchrt wird. Es geht aber nicht nur darum, dass alle Europ\u00e4ischen Mitgliedsstaaten gut zusammenarbeiten. Ein weiterer wichtiger Aspekt der Untersuchung ist auch, ob alle L\u00e4nder noch den stattfindenden Entwicklungen gewachsen sind oder sein werden.<\/p>\n<p>&nbsp;<\/p>\n<p>Die <a href=\"https:\/\/ec.europa.eu\/regional_policy\/en\/information\/cohesion-report\/\">englische Infoseite<\/a> beinhaltet die weiterf\u00fchrenden Links zu den dazugeh\u00f6rigen Schriftst\u00fccken und Factsheets.<\/p>\n<p><a href=\"https:\/\/eur-lex.europa.eu\/legal-content\/DE\/TXT\/PDF\/?uri=COM:2017:583:FIN&amp;from=EN\">Hier geht es direkt zu der Kurzfassung<\/a> in Deutsch<strong>. <\/strong><a href=\"https:\/\/europa.eu\/rapid\/press-release_MEMO-17-3643_de.htm\">Hier zu einer noch k\u00fcrzeren<\/a>, ebenfalls auf Deutsch. Der <a href=\"https:\/\/ec.europa.eu\/regional_policy\/sources\/docoffic\/official\/reports\/cohesion7\/7cr.pdf\">Vollst\u00e4ndige Report <\/a>liegt nur in englischer Sprache vor.<\/p>\n<p>Noch mehr Informationen zur EU bekommen Sie in unserem <a href=\"https:\/\/www.ub.fu-berlin.de\/bibliothek\/uneu\/\">Dokumentationszentrum UN-EU<\/a>.<\/p>\n<p>&nbsp;<\/p>","protected":false},"excerpt":{"rendered":"<p>Der Betrieb des \u201eDokumentationszentrums UN \u2013 EU\u201c wird eingestellt. Die entsprechende Literatur bleibt im Bestand und ist weiterhin zug\u00e4nglich. Der Siebte Bericht \u00fcber den wirtschaftlichen, sozialen und territorialen Zusammenhalt ist gerade frisch erschienen. Ihm voraus geht eine gleichlautende Studie, die alle drei Jahre durchgef\u00fchrt wird. Es geht aber nicht nur darum, dass alle Europ\u00e4ischen Mitgliedsstaaten &hellip; <a href=\"https:\/\/blogs.fu-berlin.de\/bibliotheken\/2017\/10\/19\/neuer-bericht-zum-zusammenhalt-in-der-eu\/\" class=\"more-link\"><span class=\"screen-reader-text\">\u201eNeuer Bericht zum Zusammenhalt in der EU\u201c<\/span> weiterlesen<\/a><\/p>\n","protected":false},"author":343,"featured_media":0,"comment_status":"open","ping_status":"open","sticky":false,"template":"","format":"standard","meta":{"footnotes":""},"categories":[604],"tags":[2458,56945,1977],"class_list":["post-21936","post","type-post","status-publish","format-standard","hentry","category-ins-netz-geschaut","tag-dokumentationszentrum-un-eu","tag-europaeische-kommission","tag-europaische-union"],"_links":{"self":[{"href":"https:\/\/blogs.fu-berlin.de\/bibliotheken\/wp-json\/wp\/v2\/posts\/21936","targetHints":{"allow":["GET"]}}],"collection":[{"href":"https:\/\/blogs.fu-berlin.de\/bibliotheken\/wp-json\/wp\/v2\/posts"}],"about":[{"href":"https:\/\/blogs.fu-berlin.de\/bibliotheken\/wp-json\/wp\/v2\/types\/post"}],"author":[{"embeddable":true,"href":"https:\/\/blogs.fu-berlin.de\/bibliotheken\/wp-json\/wp\/v2\/users\/343"}],"replies":[{"embeddable":true,"href":"https:\/\/blogs.fu-berlin.de\/bibliotheken\/wp-json\/wp\/v2\/comments?post=21936"}],"version-history":[{"count":5,"href":"https:\/\/blogs.fu-berlin.de\/bibliotheken\/wp-json\/wp\/v2\/posts\/21936\/revisions"}],"predecessor-version":[{"id":29392,"href":"https:\/\/blogs.fu-berlin.de\/bibliotheken\/wp-json\/wp\/v2\/posts\/21936\/revisions\/29392"}],"wp:attachment":[{"href":"https:\/\/blogs.fu-berlin.de\/bibliotheken\/wp-json\/wp\/v2\/media?parent=21936"}],"wp:term":[{"taxonomy":"category","embeddable":true,"href":"https:\/\/blogs.fu-berlin.de\/bibliotheken\/wp-json\/wp\/v2\/categories?post=21936"},{"taxonomy":"post_tag","embeddable":true,"href":"https:\/\/blogs.fu-berlin.de\/bibliotheken\/wp-json\/wp\/v2\/tags?post=21936"}],"curies":[{"name":"wp","href":"https:\/\/api.w.org\/{rel}","templated":true}]}}