{"id":22032,"date":"2017-11-16T10:57:36","date_gmt":"2017-11-16T09:57:36","guid":{"rendered":"https:\/\/blogs.fu-berlin.de\/bibliotheken\/?p=22032"},"modified":"2021-09-14T10:46:39","modified_gmt":"2021-09-14T09:46:39","slug":"das-neues-nachhaltigkeitsportal-der-dgvn","status":"publish","type":"post","link":"https:\/\/blogs.fu-berlin.de\/bibliotheken\/2017\/11\/16\/das-neues-nachhaltigkeitsportal-der-dgvn\/","title":{"rendered":"Das neues Nachhaltigkeitsportal der DGVN"},"content":{"rendered":"\n<p><em><span class=\"has-inline-color has-bright-red-color\">Der Betrieb des \u201eDokumentationszentrums UN \u2013 EU\u201c wird eingestellt. Die entsprechende Literatur bleibt im Bestand und ist weiterhin zug\u00e4nglich.<\/span><\/em><\/p>\n\n\n<p>Schon seit Jahren informiert die DGVN \u00fcber nachhaltige Entwicklung und Klimaschutz. Bisher erfolgte dies \u00fcber zwei Portale \u201e<em>Menschliche Entwicklung st\u00e4rken<\/em>\u201c und \u201e<em>Klimawandel bek\u00e4mpfen<\/em>\u201c. Mit Verabschiedung der Agenda 2030 f\u00fcr nachhaltige Entwicklung und des Pariser Klimaabkommens ist in den letzten beiden Jahren sehr deutlich geworden: Entwicklung und Klimaschutz m\u00fcssen zusammen gedacht werden und bedingen einander. Deshalb gibt es nun ein neues Portal \u201e<a href=\"https:\/\/nachhaltig-entwickeln.dgvn.de\/\">Nachhaltig entwickeln<\/a>\u201c, welches die Ziele f\u00fcr nachhaltige Entwicklung in den Fokus stellt und fortan gemeinsam \u00fcber Themen aus dem Bereich Klima, Umwelt und Entwicklung informiert.<\/p>\n<p class=\"bodytext\">Wenn Sie Feedback oder Anregungen zu dem neuen Portal haben, wenden Sie sich gerne an: hasenkamp@dgvn.de.<\/p>\n<p>Noch mehr Informationen zur UN bekommen Sie in unserem <a href=\"https:\/\/www.ub.fu-berlin.de\/bibliothek\/uneu\/\">Dokumentationszentrum UN-EU<\/a>.<\/p>","protected":false},"excerpt":{"rendered":"<p>Der Betrieb des \u201eDokumentationszentrums UN \u2013 EU\u201c wird eingestellt. Die entsprechende Literatur bleibt im Bestand und ist weiterhin zug\u00e4nglich. Schon seit Jahren informiert die DGVN \u00fcber nachhaltige Entwicklung und Klimaschutz. Bisher erfolgte dies \u00fcber zwei Portale \u201eMenschliche Entwicklung st\u00e4rken\u201c und \u201eKlimawandel bek\u00e4mpfen\u201c. Mit Verabschiedung der Agenda 2030 f\u00fcr nachhaltige Entwicklung und des Pariser Klimaabkommens ist &hellip; <a href=\"https:\/\/blogs.fu-berlin.de\/bibliotheken\/2017\/11\/16\/das-neues-nachhaltigkeitsportal-der-dgvn\/\" class=\"more-link\"><span class=\"screen-reader-text\">\u201eDas neues Nachhaltigkeitsportal der DGVN\u201c<\/span> weiterlesen<\/a><\/p>\n","protected":false},"author":2907,"featured_media":0,"comment_status":"open","ping_status":"open","sticky":false,"template":"","format":"standard","meta":{"footnotes":""},"categories":[9],"tags":[196620,57511,2458,2678,196619,12086],"class_list":["post-22032","post","type-post","status-publish","format-standard","hentry","category-allgemein","tag-agender-2030","tag-deutsche-gesellschaft-fuer-die-vereinten-nationen-e-v","tag-dokumentationszentrum-un-eu","tag-nachhaltigkeit","tag-pariser-klimaabkommen","tag-vereinte-nationen"],"_links":{"self":[{"href":"https:\/\/blogs.fu-berlin.de\/bibliotheken\/wp-json\/wp\/v2\/posts\/22032","targetHints":{"allow":["GET"]}}],"collection":[{"href":"https:\/\/blogs.fu-berlin.de\/bibliotheken\/wp-json\/wp\/v2\/posts"}],"about":[{"href":"https:\/\/blogs.fu-berlin.de\/bibliotheken\/wp-json\/wp\/v2\/types\/post"}],"author":[{"embeddable":true,"href":"https:\/\/blogs.fu-berlin.de\/bibliotheken\/wp-json\/wp\/v2\/users\/2907"}],"replies":[{"embeddable":true,"href":"https:\/\/blogs.fu-berlin.de\/bibliotheken\/wp-json\/wp\/v2\/comments?post=22032"}],"version-history":[{"count":5,"href":"https:\/\/blogs.fu-berlin.de\/bibliotheken\/wp-json\/wp\/v2\/posts\/22032\/revisions"}],"predecessor-version":[{"id":29382,"href":"https:\/\/blogs.fu-berlin.de\/bibliotheken\/wp-json\/wp\/v2\/posts\/22032\/revisions\/29382"}],"wp:attachment":[{"href":"https:\/\/blogs.fu-berlin.de\/bibliotheken\/wp-json\/wp\/v2\/media?parent=22032"}],"wp:term":[{"taxonomy":"category","embeddable":true,"href":"https:\/\/blogs.fu-berlin.de\/bibliotheken\/wp-json\/wp\/v2\/categories?post=22032"},{"taxonomy":"post_tag","embeddable":true,"href":"https:\/\/blogs.fu-berlin.de\/bibliotheken\/wp-json\/wp\/v2\/tags?post=22032"}],"curies":[{"name":"wp","href":"https:\/\/api.w.org\/{rel}","templated":true}]}}