{"id":22048,"date":"2017-11-13T11:32:33","date_gmt":"2017-11-13T10:32:33","guid":{"rendered":"https:\/\/blogs.fu-berlin.de\/bibliotheken\/?p=22048"},"modified":"2021-09-14T10:47:05","modified_gmt":"2021-09-14T09:47:05","slug":"europaeische-woche-der-abfallvermeidung-ewwr-2017","status":"publish","type":"post","link":"https:\/\/blogs.fu-berlin.de\/bibliotheken\/2017\/11\/13\/europaeische-woche-der-abfallvermeidung-ewwr-2017\/","title":{"rendered":"Europ\u00e4ische Woche der Abfallvermeidung (EWWR) 2017"},"content":{"rendered":"\n<p><em><span class=\"has-inline-color has-bright-red-color\">Der Betrieb des \u201eDokumentationszentrums UN \u2013 EU\u201c wird eingestellt. Die entsprechende Literatur bleibt im Bestand und ist weiterhin zug\u00e4nglich.<\/span><\/em><\/p>\n\n\n<p><figure id=\"attachment_22050\" aria-describedby=\"caption-attachment-22050\" style=\"width: 150px\" class=\"wp-caption alignright\"><img loading=\"lazy\" decoding=\"async\" class=\"wp-image-22050 size-full\" src=\"https:\/\/blogs.fu-berlin.de\/bibliotheken\/files\/2017\/11\/EWWR_Promotional_Poster_2017_EN_thumbnail.png\" alt=\"\" width=\"150\" height=\"213\"><figcaption id=\"caption-attachment-22050\" class=\"wp-caption-text\">offizielles Plakat der European Week for Waste Reduction, 18\u201326 November 2017 (engl. Version)<\/figcaption><\/figure><\/p>\n<p><span lang=\"de\">Die <a href=\"https:\/\/www.ewwr.eu\/en\">Europ\u00e4ische Woche der Abfallvermeidung<\/a> (EWWR) 2017 findet vom 18. bis 26. November 2017 statt. Unterst\u00fctzt von der Europ\u00e4ischen Kommission soll die EWWR Sensibilisierungsma\u00dfnahmen f\u00fcr nachhaltige Ressourcen- und Abfallbewirtschaftung f\u00f6rdern. <\/span><\/p>\n<p><span lang=\"de\">Die diesj\u00e4hrige Ausgabe konzentriert sich auf die Wiederverwendung und Reparatur. Hinter diesem Thema steht die Notwendigkeit, von einer Wegwerf-Haltung hin zu mehr Wertsch\u00e4tzung f\u00fcr Produkte und die dazu verwendeten Ressourcen zu kommen.<\/span><\/p>\n<p><span lang=\"de\">Die Organisatoren m\u00f6chten ein breites Publikum (Beh\u00f6rden, private Unternehmen, Zivilgesellschaft und B\u00fcrger selbst) ermutigen, sich zu engagieren &#8211; <a href=\"https:\/\/www.ewwr.eu\/en\/take_part\/info\">take part<\/a>.<\/span><\/p>\n<p><span lang=\"de\">Nutzen Sie die <\/span><span lang=\"de\"><a href=\"https:\/\/www.ewwr.eu\/actions\">Datenbank<\/a><\/span><span lang=\"de\"> der EWWR und finden Sie heraus, welche Aktionen in Ihrer Region stattgefunden haben!<\/span><\/p>\n<p>Noch mehr Informationen zur EU bekommen Sie in unserem <a href=\"https:\/\/www.ub.fu-berlin.de\/bibliothek\/uneu\/\">Dokumentationszentrum UN-EU<\/a>.<\/p>\n<p><span lang=\"de\">&nbsp;<\/span><\/p>\n<p>&nbsp;<\/p>","protected":false},"excerpt":{"rendered":"<p>Der Betrieb des \u201eDokumentationszentrums UN \u2013 EU\u201c wird eingestellt. Die entsprechende Literatur bleibt im Bestand und ist weiterhin zug\u00e4nglich. Die Europ\u00e4ische Woche der Abfallvermeidung (EWWR) 2017 findet vom 18. bis 26. November 2017 statt. Unterst\u00fctzt von der Europ\u00e4ischen Kommission soll die EWWR Sensibilisierungsma\u00dfnahmen f\u00fcr nachhaltige Ressourcen- und Abfallbewirtschaftung f\u00f6rdern. Die diesj\u00e4hrige Ausgabe konzentriert sich auf &hellip; <a href=\"https:\/\/blogs.fu-berlin.de\/bibliotheken\/2017\/11\/13\/europaeische-woche-der-abfallvermeidung-ewwr-2017\/\" class=\"more-link\"><span class=\"screen-reader-text\">\u201eEurop\u00e4ische Woche der Abfallvermeidung (EWWR) 2017\u201c<\/span> weiterlesen<\/a><\/p>\n","protected":false},"author":2907,"featured_media":0,"comment_status":"open","ping_status":"open","sticky":false,"template":"","format":"standard","meta":{"footnotes":""},"categories":[9],"tags":[2458,56945,196634],"class_list":["post-22048","post","type-post","status-publish","format-standard","hentry","category-allgemein","tag-dokumentationszentrum-un-eu","tag-europaeische-kommission","tag-europaeische-woche-der-abfallvermeidung"],"_links":{"self":[{"href":"https:\/\/blogs.fu-berlin.de\/bibliotheken\/wp-json\/wp\/v2\/posts\/22048","targetHints":{"allow":["GET"]}}],"collection":[{"href":"https:\/\/blogs.fu-berlin.de\/bibliotheken\/wp-json\/wp\/v2\/posts"}],"about":[{"href":"https:\/\/blogs.fu-berlin.de\/bibliotheken\/wp-json\/wp\/v2\/types\/post"}],"author":[{"embeddable":true,"href":"https:\/\/blogs.fu-berlin.de\/bibliotheken\/wp-json\/wp\/v2\/users\/2907"}],"replies":[{"embeddable":true,"href":"https:\/\/blogs.fu-berlin.de\/bibliotheken\/wp-json\/wp\/v2\/comments?post=22048"}],"version-history":[{"count":4,"href":"https:\/\/blogs.fu-berlin.de\/bibliotheken\/wp-json\/wp\/v2\/posts\/22048\/revisions"}],"predecessor-version":[{"id":29384,"href":"https:\/\/blogs.fu-berlin.de\/bibliotheken\/wp-json\/wp\/v2\/posts\/22048\/revisions\/29384"}],"wp:attachment":[{"href":"https:\/\/blogs.fu-berlin.de\/bibliotheken\/wp-json\/wp\/v2\/media?parent=22048"}],"wp:term":[{"taxonomy":"category","embeddable":true,"href":"https:\/\/blogs.fu-berlin.de\/bibliotheken\/wp-json\/wp\/v2\/categories?post=22048"},{"taxonomy":"post_tag","embeddable":true,"href":"https:\/\/blogs.fu-berlin.de\/bibliotheken\/wp-json\/wp\/v2\/tags?post=22048"}],"curies":[{"name":"wp","href":"https:\/\/api.w.org\/{rel}","templated":true}]}}