{"id":22064,"date":"2017-11-06T18:19:17","date_gmt":"2017-11-06T17:19:17","guid":{"rendered":"https:\/\/blogs.fu-berlin.de\/bibliotheken\/?p=22064"},"modified":"2017-11-07T14:39:20","modified_gmt":"2017-11-07T13:39:20","slug":"prix-goncourt-an-eric-vuillard","status":"publish","type":"post","link":"https:\/\/blogs.fu-berlin.de\/bibliotheken\/2017\/11\/06\/prix-goncourt-an-eric-vuillard\/","title":{"rendered":"Prix Goncourt an \u00c9ric Vuillard"},"content":{"rendered":"<p>Nach Deutschland (Deutscher Buchpreis an <a href=\"https:\/\/primo.fu-berlin.de\/FUB:FUB_ALMA_DS21978600130002883\"><em>Die Hauptstadt<\/em><\/a> von Robert Menasse) und Gro\u00dfbritannien (Man Booker Prize an den US-Amerikaner George Saunders f\u00fcr <a href=\"https:\/\/primo.fu-berlin.de\/FUB:FUB_ALMA_DS21965393580002883\"><em>Lincoln in the Bardo<\/em><\/a>) hat auch Frankreich seine wichtigste Auszeichnung f\u00fcr den besten Roman des Jahres vergeben. Der <a href=\"https:\/\/academie-goncourt.fr\/\">Prix Goncourt<\/a> geht 2017 an \u00c9ric Vuillard f\u00fcr die Erz\u00e4hlung <a href=\"https:\/\/primo.fu-berlin.de\/FUB:FUB_ALMA_DS21974248500002883\"><em>L\u2019ordre du jour<\/em><\/a>. Der Prix Goncourt ist symbolisch mit \u201enur\u201c 10 Euro dotiert, sorgt aber im vorweihnachtlichen Buchhandel in aller Regel f\u00fcr hervorragende Verkaufserl\u00f6se.<\/p>\n<figure id=\"attachment_22067\" aria-describedby=\"caption-attachment-22067\" style=\"width: 158px\" class=\"wp-caption alignright\"><a href=\"https:\/\/blogs.fu-berlin.de\/bibliotheken\/files\/2017\/11\/ordre-du-jour.jpg\"><img loading=\"lazy\" decoding=\"async\" class=\"wp-image-22067 size-medium\" src=\"https:\/\/blogs.fu-berlin.de\/bibliotheken\/files\/2017\/11\/ordre-du-jour-158x300.jpg\" alt=\"\" width=\"158\" height=\"300\" srcset=\"https:\/\/blogs.fu-berlin.de\/bibliotheken\/files\/2017\/11\/ordre-du-jour-158x300.jpg 158w, https:\/\/blogs.fu-berlin.de\/bibliotheken\/files\/2017\/11\/ordre-du-jour.jpg 250w\" sizes=\"auto, (max-width: 158px) 85vw, 158px\" \/><\/a><figcaption id=\"caption-attachment-22067\" class=\"wp-caption-text\">Preistr\u00e4ger 2017: L&#8217;ordre du jour (Verlag Actes Sud)<\/figcaption><\/figure>\n<p>Der 1968 in Lyon geborene franz\u00f6sische Schriftsteller und Filmregisseur hat die eigenwillige Technik entwickelt, gro\u00dfe Momente der Geschichte neu zu erz\u00e4hlen. In <em>L\u2019ordre du jour, <\/em>was man mit \u201eTagesordnung\u201c oder \u201eTagesbefehl\u201c \u00fcbersetzen kann, erz\u00e4hlt Vuillard vom Aufstieg der Nationalsozialisten unter Adolf Hitler. Zentrale Rollen spielen dabei das Geheimtreffen Hitlers mit zahlreichen Industriellen am 20. Februar 1933, an dem auch der auf dem Cover abgebildete Gustav Krupp von Bohlen und Halbach (Vorsitzender des Pr\u00e4sidiums des Reichsverbandes der Deutschen Industrie) teilnahm, sowie der Anschluss \u00d6sterreichs 1938. Der 150-seitige Roman ist in der <a href=\"https:\/\/www.fu-berlin.de\/sites\/bibliotheken\/bibliothekenfuehrer\/philologische_bibliothek\/index.html\">Philologischen Bibiothek<\/a> vorr\u00e4tig. Dort finden sich auch weitere Geschichtserz\u00e4hlungen Vuillards, darunter <a href=\"https:\/\/primo.fu-berlin.de\/FUB:FUB_ALMA_DS21910985880002883\"><em>Congo<\/em><\/a> (2012, \u00fcber die Berliner Kongokonferenz 1884-1885), <a href=\"https:\/\/primo.fu-berlin.de\/FUB:FUB_ALMA_DS21875381540002883\"><i>Tristesse de la terre<\/i><\/a> (2014, \u00fcber Buffalo Bill und den Wilden Westen) und <a href=\"https:\/\/primo.fu-berlin.de\/FUB:FUB_ALMA_DS21909952370002883\"><i>14 juillet<\/i><\/a> (2016, \u00fcber die Franz\u00f6sische Revolution).\u00a0 Im deutschsprachigen Raum ist der Franzose insbesondere durch <a href=\"https:\/\/primo.fu-berlin.de\/FUB:FUB_ALMA_DS21910966070002883\"><i>La Bataille d\u2019Occident<\/i><\/a> (2012) bekannt geworden, das 2014 in Deutschland unter dem Titel <i>Ballade vom Abendland<\/i> erschien und den Ersten Weltkrieg thematisiert. Eine deutsche \u00dcbersetzung von <em>L\u2019ordre du jour<\/em> ist laut <a href=\"https:\/\/www.boersenblatt.net\/artikel-renommierter_franzoesischer_literaturpreis_vergeben.1397526.html\">boersenblatt.net<\/a> f\u00fcr M\u00e4rz 2018 von Vuillards deutschem Verlag Matthes &amp; Seitz angek\u00fcndigt.<\/p>\n<p>Vuillard setzte sich im Finale der besten vier Romane gegen\u00a0 Yannick Haenel <em>(Tiens ferme ta couronne)<\/em>, V\u00e9ronique Olmi <em>(Bakhita)<\/em> und Alice Zeniter <em>(L\u2019art de perdre) <\/em>durch. Yannick Haenel l\u00e4sst in seinem Roman nach <em>Introduction \u00e0 la mort fran\u00e7aise<\/em> (2001) und <em>Cercle<\/em> (2007) erneut sein Alter Ego Jean Deichel als Erz\u00e4hler auftreten. Der gescheiterte Pariser Boh\u00e9mien und Filmfanatiker ist von dem Wunsch beseelt, den US-amerikanischen Regisseur Michael Cimino von einer Verfilmung seines Drehbuchs \u00fcber Herman Melville zu \u00fcberzeugen. V\u00e9ronique Olmi nahm sich in Bakhita (u. a. Literaturpreis der franz\u00f6sischen Handelskette Fnac 2017) der Lebensgeschichte der in der r\u00f6misch-katholischen Kirche als Heilige verehrten Ordensschwester Josefine Bakhita (1869-1947) an, die als Kind von arabischen Sklavenh\u00e4ndlerin aus ihrer Heimat Darfur verschleppt wurde. Alice Zeniters <em>L\u2019art de perdre<\/em> (u. a. Literaturpreis der Le Monde 2017) berichtet \u00fcber mehrere Generationen hinweg vom Schicksal einer algerisch-st\u00e4mmigen Familie in Frankreich, die ihre Abstammung von Kabylen und Harkis zu vergessen droht. Der Roman soll im Sommer 2018 unter dem Titel <em>Die Kunst zu verlieren<\/em> im Berlin Verlag erscheinen.<\/p>\n<p>Auch mit dem traditionell am selben Tag wie der Prix Goncourt vergebene Prix Renaudot wurde ein Werk ausgezeichnet, das die dunkle deutsche Geschichte beleuchtet. Der 1974 in Stra\u00dfburg geborene Olivier Guez erz\u00e4hlt im preisgekr\u00f6nten Roman <em>La disparition de Josef Mengele<\/em> von der Flucht des gleichnamigen, fr\u00fcheren KZ-Lagerarztes nach S\u00fcdamerika. F\u00fcr den Prix Renaudot werden traditionell immer zwei m\u00f6gliche Preistr\u00e4ger ausgew\u00e4hlt, um nicht mit dem Prix Goncourt \u00fcbereinzustimmen. Guez&#8216; Werk war unter die besten acht Romane der Acad\u00e9mie Goncourt gelangt, hattes es aber nicht unter die finalen vier geschafft.<\/p>\n<h6>Das Cover des Romans liegt ein <a href=\"https:\/\/commons.wikimedia.org\/wiki\/File:Bundesarchiv_Bild_102-12331,_Gustav_Krupp_von_Bohlen_und_Halbach.jpg\">Bild des Bundesarchivs<\/a> zugrunde (Bundesarchiv, Bild 102-12331 \/ CC-BY-SA 3.0).<\/h6>\n","protected":false},"excerpt":{"rendered":"<p>Nach Deutschland (Deutscher Buchpreis an Die Hauptstadt von Robert Menasse) und Gro\u00dfbritannien (Man Booker Prize an den US-Amerikaner George Saunders f\u00fcr Lincoln in the Bardo) hat auch Frankreich seine wichtigste Auszeichnung f\u00fcr den besten Roman des Jahres vergeben. Der Prix Goncourt geht 2017 an \u00c9ric Vuillard f\u00fcr die Erz\u00e4hlung L\u2019ordre du jour. Der Prix Goncourt &hellip; <a href=\"https:\/\/blogs.fu-berlin.de\/bibliotheken\/2017\/11\/06\/prix-goncourt-an-eric-vuillard\/\" class=\"more-link\"><span class=\"screen-reader-text\">\u201ePrix Goncourt an \u00c9ric Vuillard\u201c<\/span> weiterlesen<\/a><\/p>\n","protected":false},"author":293,"featured_media":0,"comment_status":"open","ping_status":"open","sticky":false,"template":"","format":"standard","meta":{"footnotes":""},"categories":[9,604,492],"tags":[196636,196635,196637],"class_list":["post-22064","post","type-post","status-publish","format-standard","hentry","category-allgemein","category-ins-netz-geschaut","category-literaturtipps","tag-eric-vuillard","tag-prix-goncourt","tag-prix-renaudot"],"_links":{"self":[{"href":"https:\/\/blogs.fu-berlin.de\/bibliotheken\/wp-json\/wp\/v2\/posts\/22064","targetHints":{"allow":["GET"]}}],"collection":[{"href":"https:\/\/blogs.fu-berlin.de\/bibliotheken\/wp-json\/wp\/v2\/posts"}],"about":[{"href":"https:\/\/blogs.fu-berlin.de\/bibliotheken\/wp-json\/wp\/v2\/types\/post"}],"author":[{"embeddable":true,"href":"https:\/\/blogs.fu-berlin.de\/bibliotheken\/wp-json\/wp\/v2\/users\/293"}],"replies":[{"embeddable":true,"href":"https:\/\/blogs.fu-berlin.de\/bibliotheken\/wp-json\/wp\/v2\/comments?post=22064"}],"version-history":[{"count":10,"href":"https:\/\/blogs.fu-berlin.de\/bibliotheken\/wp-json\/wp\/v2\/posts\/22064\/revisions"}],"predecessor-version":[{"id":22077,"href":"https:\/\/blogs.fu-berlin.de\/bibliotheken\/wp-json\/wp\/v2\/posts\/22064\/revisions\/22077"}],"wp:attachment":[{"href":"https:\/\/blogs.fu-berlin.de\/bibliotheken\/wp-json\/wp\/v2\/media?parent=22064"}],"wp:term":[{"taxonomy":"category","embeddable":true,"href":"https:\/\/blogs.fu-berlin.de\/bibliotheken\/wp-json\/wp\/v2\/categories?post=22064"},{"taxonomy":"post_tag","embeddable":true,"href":"https:\/\/blogs.fu-berlin.de\/bibliotheken\/wp-json\/wp\/v2\/tags?post=22064"}],"curies":[{"name":"wp","href":"https:\/\/api.w.org\/{rel}","templated":true}]}}