{"id":22140,"date":"2017-12-14T12:00:03","date_gmt":"2017-12-14T11:00:03","guid":{"rendered":"https:\/\/blogs.fu-berlin.de\/bibliotheken\/?p=22140"},"modified":"2021-09-14T10:44:10","modified_gmt":"2021-09-14T09:44:10","slug":"deutsche-gesellschaft-fuer-die-vereinten-nationen-e-v-sucht-jugenddelegierte-2018","status":"publish","type":"post","link":"https:\/\/blogs.fu-berlin.de\/bibliotheken\/2017\/12\/14\/deutsche-gesellschaft-fuer-die-vereinten-nationen-e-v-sucht-jugenddelegierte-2018\/","title":{"rendered":"Deutsche Gesellschaft f\u00fcr die Vereinten Nationen e.V. sucht: Jugenddelegierte 2018"},"content":{"rendered":"\n<p><em><span class=\"has-inline-color has-bright-red-color\">Der Betrieb des \u201eDokumentationszentrums UN \u2013 EU\u201c wird eingestellt. Die entsprechende Literatur bleibt im Bestand und ist weiterhin zug\u00e4nglich.<\/span><\/em><\/p>\n\n\n<div class=\"text clearfix\">\n<p class=\"bodytext\">M\u00f6chten Sie die deutsche Delegation zur 73. UN-Generalversammlung im Oktober 2018 nach New York begleiten?<\/p>\n<p class=\"bodytext\">Gesucht werden junge Menschen zwischen 18 und 25 Jahren, die als Jugendelegierte gemeinsam mit jungen Menschen aus anderen L\u00e4ndern sich f\u00fcr die Interessen junger Menschen auf der ganzen Welt stark machen m\u00f6chten.<\/p>\n<p>Sie sollten sich zutrauen, im Vorfeld ausgiebigen Gespr\u00e4chen mit Jugendlichen in ganz Deutschland zu f\u00fchren, ihre Meinungen, Interessen und W\u00fcnsche kennen zu lernen und so zum \u201eSprachrohr der Jugend in Deutschland\u201c werden.<\/p>\n<p>Hier finden Sie alle relevanten Informationen rund um die <a class=\"external-link-new-window\" title=\"Opens external link in new window\" href=\"https:\/\/www.jugenddelegierte.de\/jugenddelegierte\/bewirb-dich\" target=\"_blank\" rel=\"noopener noreferrer\"><b>Ausschreibung<\/b><\/a>.<\/p>\n<p class=\"bodytext\">Bewerbungsschluss&nbsp;ist am <b>09. Januar 2018 um 12.00 Uhr<\/b>.<\/p>\n<p>Noch mehr Informationen zur UN bekommen Sie in unserem <a href=\"https:\/\/www.ub.fu-berlin.de\/bibliothek\/uneu\/\">Dokumentationszentrum UN-EU<\/a>.<\/p>\n<\/div>","protected":false},"excerpt":{"rendered":"<p>Der Betrieb des \u201eDokumentationszentrums UN \u2013 EU\u201c wird eingestellt. Die entsprechende Literatur bleibt im Bestand und ist weiterhin zug\u00e4nglich. M\u00f6chten Sie die deutsche Delegation zur 73. UN-Generalversammlung im Oktober 2018 nach New York begleiten? Gesucht werden junge Menschen zwischen 18 und 25 Jahren, die als Jugendelegierte gemeinsam mit jungen Menschen aus anderen L\u00e4ndern sich f\u00fcr &hellip; <a href=\"https:\/\/blogs.fu-berlin.de\/bibliotheken\/2017\/12\/14\/deutsche-gesellschaft-fuer-die-vereinten-nationen-e-v-sucht-jugenddelegierte-2018\/\" class=\"more-link\"><span class=\"screen-reader-text\">\u201eDeutsche Gesellschaft f\u00fcr die Vereinten Nationen e.V. sucht: Jugenddelegierte 2018\u201c<\/span> weiterlesen<\/a><\/p>\n","protected":false},"author":2907,"featured_media":0,"comment_status":"open","ping_status":"open","sticky":false,"template":"","format":"standard","meta":{"footnotes":""},"categories":[9],"tags":[196644,196643],"class_list":["post-22140","post","type-post","status-publish","format-standard","hentry","category-allgemein","tag-jugenddelegierte","tag-un-generalversammlung"],"_links":{"self":[{"href":"https:\/\/blogs.fu-berlin.de\/bibliotheken\/wp-json\/wp\/v2\/posts\/22140","targetHints":{"allow":["GET"]}}],"collection":[{"href":"https:\/\/blogs.fu-berlin.de\/bibliotheken\/wp-json\/wp\/v2\/posts"}],"about":[{"href":"https:\/\/blogs.fu-berlin.de\/bibliotheken\/wp-json\/wp\/v2\/types\/post"}],"author":[{"embeddable":true,"href":"https:\/\/blogs.fu-berlin.de\/bibliotheken\/wp-json\/wp\/v2\/users\/2907"}],"replies":[{"embeddable":true,"href":"https:\/\/blogs.fu-berlin.de\/bibliotheken\/wp-json\/wp\/v2\/comments?post=22140"}],"version-history":[{"count":6,"href":"https:\/\/blogs.fu-berlin.de\/bibliotheken\/wp-json\/wp\/v2\/posts\/22140\/revisions"}],"predecessor-version":[{"id":29376,"href":"https:\/\/blogs.fu-berlin.de\/bibliotheken\/wp-json\/wp\/v2\/posts\/22140\/revisions\/29376"}],"wp:attachment":[{"href":"https:\/\/blogs.fu-berlin.de\/bibliotheken\/wp-json\/wp\/v2\/media?parent=22140"}],"wp:term":[{"taxonomy":"category","embeddable":true,"href":"https:\/\/blogs.fu-berlin.de\/bibliotheken\/wp-json\/wp\/v2\/categories?post=22140"},{"taxonomy":"post_tag","embeddable":true,"href":"https:\/\/blogs.fu-berlin.de\/bibliotheken\/wp-json\/wp\/v2\/tags?post=22140"}],"curies":[{"name":"wp","href":"https:\/\/api.w.org\/{rel}","templated":true}]}}