{"id":22200,"date":"2017-12-07T12:16:31","date_gmt":"2017-12-07T11:16:31","guid":{"rendered":"https:\/\/blogs.fu-berlin.de\/bibliotheken\/?p=22200"},"modified":"2021-09-16T13:50:35","modified_gmt":"2021-09-16T12:50:35","slug":"wettbewerb-create-video-for-anti-violence-against-women-campaign","status":"publish","type":"post","link":"https:\/\/blogs.fu-berlin.de\/bibliotheken\/2017\/12\/07\/wettbewerb-create-video-for-anti-violence-against-women-campaign\/","title":{"rendered":"Wettbewerb: create video for anti-Violence against Women campaign"},"content":{"rendered":"\n<p><em><span class=\"has-inline-color has-bright-red-color\">Der Betrieb des \u201eDokumentationszentrums UN \u2013 EU\u201c wird eingestellt. Die entsprechende Literatur bleibt im Bestand und ist weiterhin zug\u00e4nglich.<\/span><\/em><\/p>\n\n\n<p><figure id=\"attachment_22201\" aria-describedby=\"caption-attachment-22201\" style=\"width: 300px\" class=\"wp-caption alignright\"><img loading=\"lazy\" decoding=\"async\" class=\"wp-image-22201 size-medium\" src=\"https:\/\/blogs.fu-berlin.de\/bibliotheken\/files\/2017\/11\/nein-300x300.png\" alt=\"\" width=\"300\" height=\"300\" srcset=\"https:\/\/blogs.fu-berlin.de\/bibliotheken\/files\/2017\/11\/nein-300x300.png 300w, https:\/\/blogs.fu-berlin.de\/bibliotheken\/files\/2017\/11\/nein-150x150.png 150w, https:\/\/blogs.fu-berlin.de\/bibliotheken\/files\/2017\/11\/nein.png 453w\" sizes=\"auto, (max-width: 300px) 85vw, 300px\" \/><figcaption id=\"caption-attachment-22201\" class=\"wp-caption-text\">\u00a9 Europ\u00e4ische Union, [2017] \u2013 Quelle: Europ\u00e4ische Kommission (Logo: NON.NO.NEIN. campaign)<\/figcaption><\/figure><span lang=\"de\">Als Teil seiner <strong>&#8222;NON.NO.NEIN. Nein sagen! Stoppt die Gewalt gegen Frauen &#8222;<\/strong>, veranstaltet die <a href=\"https:\/\/ec.europa.eu\/justice\/saynostopvaw\/young-professionals-and-students-in-creative-schools.html\">Europ\u00e4ische Kommission<\/a> in Zusammenarbeit mit <a href=\"https:\/\/www.eaca-inspire.eu\/campaign-european-commision\/\">Edcom<\/a> einen Wettbewerb, bei dem junge Fachkr\u00e4fte und Sch\u00fcler ein Konzept f\u00fcr ein Video zur Bewusstseinsbildung in sozialen Medien einbringen k\u00f6nnen. <\/span><\/p>\n<p><span lang=\"de\">Gewalt gegen Frauen ist eine Form des Missbrauchs, die auf allen Ebenen der Gesellschaft und in allen EU-L\u00e4ndern stattfindet. Oft bleiben Menschen in der N\u00e4he inaktiv. Das kurze Video soll das Bewusstsein f\u00fcr Gewalt gegen Frauen sch\u00e4rfen und die Menschen ermutigen, sich dagegen auszusprechen. <\/span><\/p>\n<p>Den vollst\u00e4ndigen Hintergrund und alle Informationen, inklusive der Details des Einreichungsprozesses finden Sie unter den o. g. links.<\/p>\n<p>Start des Wettbewerbs: 13. November 2017<br>\nEinsendeschluss: 10. Februar 2018, 12:00 Uhr MEZ<br>\nBekanntgabe der Gewinner: 8. M\u00e4rz 2018<br>\nDie Produktionssprache ist Englisch.<\/p>\n<p>Noch mehr Informationen zur EU bekommen Sie in unserem <a href=\"https:\/\/www.ub.fu-berlin.de\/bibliothek\/uneu\/\">Dokumentationszentrum UN-EU<\/a>.<\/p>","protected":false},"excerpt":{"rendered":"<p>Der Betrieb des \u201eDokumentationszentrums UN \u2013 EU\u201c wird eingestellt. Die entsprechende Literatur bleibt im Bestand und ist weiterhin zug\u00e4nglich. Als Teil seiner &#8222;NON.NO.NEIN. Nein sagen! Stoppt die Gewalt gegen Frauen &#8222;, veranstaltet die Europ\u00e4ische Kommission in Zusammenarbeit mit Edcom einen Wettbewerb, bei dem junge Fachkr\u00e4fte und Sch\u00fcler ein Konzept f\u00fcr ein Video zur Bewusstseinsbildung in &hellip; <a href=\"https:\/\/blogs.fu-berlin.de\/bibliotheken\/2017\/12\/07\/wettbewerb-create-video-for-anti-violence-against-women-campaign\/\" class=\"more-link\"><span class=\"screen-reader-text\">\u201eWettbewerb: create video for anti-Violence against Women campaign\u201c<\/span> weiterlesen<\/a><\/p>\n","protected":false},"author":2907,"featured_media":0,"comment_status":"open","ping_status":"open","sticky":false,"template":"","format":"standard","meta":{"footnotes":""},"categories":[9],"tags":[2458,196662,935,56945,196663,46855],"class_list":["post-22200","post","type-post","status-publish","format-standard","hentry","category-allgemein","tag-dokumentationszentrum-un-eu","tag-edcom","tag-europa","tag-europaeische-kommission","tag-gewalt-gegen-frauen","tag-wettbewerb"],"_links":{"self":[{"href":"https:\/\/blogs.fu-berlin.de\/bibliotheken\/wp-json\/wp\/v2\/posts\/22200","targetHints":{"allow":["GET"]}}],"collection":[{"href":"https:\/\/blogs.fu-berlin.de\/bibliotheken\/wp-json\/wp\/v2\/posts"}],"about":[{"href":"https:\/\/blogs.fu-berlin.de\/bibliotheken\/wp-json\/wp\/v2\/types\/post"}],"author":[{"embeddable":true,"href":"https:\/\/blogs.fu-berlin.de\/bibliotheken\/wp-json\/wp\/v2\/users\/2907"}],"replies":[{"embeddable":true,"href":"https:\/\/blogs.fu-berlin.de\/bibliotheken\/wp-json\/wp\/v2\/comments?post=22200"}],"version-history":[{"count":8,"href":"https:\/\/blogs.fu-berlin.de\/bibliotheken\/wp-json\/wp\/v2\/posts\/22200\/revisions"}],"predecessor-version":[{"id":29667,"href":"https:\/\/blogs.fu-berlin.de\/bibliotheken\/wp-json\/wp\/v2\/posts\/22200\/revisions\/29667"}],"wp:attachment":[{"href":"https:\/\/blogs.fu-berlin.de\/bibliotheken\/wp-json\/wp\/v2\/media?parent=22200"}],"wp:term":[{"taxonomy":"category","embeddable":true,"href":"https:\/\/blogs.fu-berlin.de\/bibliotheken\/wp-json\/wp\/v2\/categories?post=22200"},{"taxonomy":"post_tag","embeddable":true,"href":"https:\/\/blogs.fu-berlin.de\/bibliotheken\/wp-json\/wp\/v2\/tags?post=22200"}],"curies":[{"name":"wp","href":"https:\/\/api.w.org\/{rel}","templated":true}]}}