{"id":22214,"date":"2018-01-11T12:00:10","date_gmt":"2018-01-11T11:00:10","guid":{"rendered":"https:\/\/blogs.fu-berlin.de\/bibliotheken\/?p=22214"},"modified":"2021-09-14T10:40:05","modified_gmt":"2021-09-14T09:40:05","slug":"das-europaeische-parlament-begruesst-besucher-jeden-alters","status":"publish","type":"post","link":"https:\/\/blogs.fu-berlin.de\/bibliotheken\/2018\/01\/11\/das-europaeische-parlament-begruesst-besucher-jeden-alters\/","title":{"rendered":"Das Europ\u00e4ische Parlament begr\u00fc\u00dft Besucher jeden Alters"},"content":{"rendered":"\n<p><em><span class=\"has-inline-color has-bright-red-color\">Der Betrieb des \u201eDokumentationszentrums UN \u2013 EU\u201c wird eingestellt. Die entsprechende Literatur bleibt im Bestand und ist weiterhin zug\u00e4nglich.<\/span><\/em><\/p>\n\n\n<div><figure id=\"attachment_22216\" aria-describedby=\"caption-attachment-22216\" style=\"width: 275px\" class=\"wp-caption alignright\"><img loading=\"lazy\" decoding=\"async\" class=\"wp-image-22216 size-full\" src=\"https:\/\/blogs.fu-berlin.de\/bibliotheken\/files\/2017\/11\/visit_european_parliament_8.png\" alt=\"\" width=\"275\" height=\"190\"><figcaption id=\"caption-attachment-22216\" class=\"wp-caption-text\">\u00a9 Europ\u00e4ische Union, [2017] \u2013 Quelle: Europ\u00e4isches Parlament<\/figcaption><\/figure><\/div>\n<p><span lang=\"de\"><span lang=\"de\">In der Brosch\u00fcre &#8222;<\/span><\/span><a href=\"https:\/\/publications.europa.eu\/en\/publication-detail\/-\/publication\/83da888a-aa42-11e7-837e-01aa75ed71a1\">Education and learning at the European Parliament<\/a>&#8220; <span lang=\"de\">finden Sie Informationen \u00fcber Dienstleistungen und Ressourcen, die f\u00fcr P\u00e4dagogen verf\u00fcgbar sind, die das Standardangebot f\u00fcr Besucher in Br\u00fcssel und Stra\u00dfburg unterst\u00fctzen.<\/span><\/p>\n<p><span lang=\"de\">In Br\u00fcssel umfasst das Standardprogramm f\u00fcr Bildungsbesuche drei Einrichtungen: den Plenarsaal (der f\u00fcr Debatten und Abstimmungen genutzt wird), das Besucherzentrum des Parlamentariums und das Haus der europ\u00e4ischen Geschichte. <\/span><span lang=\"de\">In Stra\u00dfburg k\u00f6nnen die Besucher den Plenarsaal und das Parlamentarium Simone Veil besichtigen. <\/span><\/p>\n<p><span lang=\"de\">Das Netzwerk der Informationsb\u00fcros des Europ\u00e4ischen Parlaments in den St\u00e4dten Europas k\u00f6nnen ebenfalls genutzt werden. Sie organisieren Veranstaltungen, stellen Materialien \u00fcber das Europ\u00e4ische Parlament und (einige) <\/span><span lang=\"de\">die Europa Experience zur Verf\u00fcgung, eine einzigartige Ausstellung, die Besucher interaktiv und dynamisch \u00fcber die europ\u00e4ische Politik informiert. <\/span><\/p>\n<p><span lang=\"de\">Weitere Informationen zum Besuch des Europ\u00e4ischen Parlaments, einschlie\u00dflich Buchungen, sind<a href=\"https:\/\/www.europarl.europa.eu\/visiting\/\"> online<\/a> verf\u00fcgbar.<\/span><\/p>\n<p>Noch mehr Informationen zur EU bekommen Sie in unserem <a href=\"https:\/\/www.ub.fu-berlin.de\/bibliothek\/uneu\/\">Dokumentationszentrum UN-EU <\/a><\/p>","protected":false},"excerpt":{"rendered":"<p>Der Betrieb des \u201eDokumentationszentrums UN \u2013 EU\u201c wird eingestellt. Die entsprechende Literatur bleibt im Bestand und ist weiterhin zug\u00e4nglich. In der Brosch\u00fcre &#8222;Education and learning at the European Parliament&#8220; finden Sie Informationen \u00fcber Dienstleistungen und Ressourcen, die f\u00fcr P\u00e4dagogen verf\u00fcgbar sind, die das Standardangebot f\u00fcr Besucher in Br\u00fcssel und Stra\u00dfburg unterst\u00fctzen. In Br\u00fcssel umfasst das &hellip; <a href=\"https:\/\/blogs.fu-berlin.de\/bibliotheken\/2018\/01\/11\/das-europaeische-parlament-begruesst-besucher-jeden-alters\/\" class=\"more-link\"><span class=\"screen-reader-text\">\u201eDas Europ\u00e4ische Parlament begr\u00fc\u00dft Besucher jeden Alters\u201c<\/span> weiterlesen<\/a><\/p>\n","protected":false},"author":2907,"featured_media":0,"comment_status":"open","ping_status":"open","sticky":false,"template":"","format":"standard","meta":{"footnotes":""},"categories":[9],"tags":[196664,2458,56945,56944,196665],"class_list":["post-22214","post","type-post","status-publish","format-standard","hentry","category-allgemein","tag-bruessel","tag-dokumentationszentrum-un-eu","tag-europaeische-kommission","tag-europaeisches-parlament","tag-strassburg"],"_links":{"self":[{"href":"https:\/\/blogs.fu-berlin.de\/bibliotheken\/wp-json\/wp\/v2\/posts\/22214","targetHints":{"allow":["GET"]}}],"collection":[{"href":"https:\/\/blogs.fu-berlin.de\/bibliotheken\/wp-json\/wp\/v2\/posts"}],"about":[{"href":"https:\/\/blogs.fu-berlin.de\/bibliotheken\/wp-json\/wp\/v2\/types\/post"}],"author":[{"embeddable":true,"href":"https:\/\/blogs.fu-berlin.de\/bibliotheken\/wp-json\/wp\/v2\/users\/2907"}],"replies":[{"embeddable":true,"href":"https:\/\/blogs.fu-berlin.de\/bibliotheken\/wp-json\/wp\/v2\/comments?post=22214"}],"version-history":[{"count":10,"href":"https:\/\/blogs.fu-berlin.de\/bibliotheken\/wp-json\/wp\/v2\/posts\/22214\/revisions"}],"predecessor-version":[{"id":29370,"href":"https:\/\/blogs.fu-berlin.de\/bibliotheken\/wp-json\/wp\/v2\/posts\/22214\/revisions\/29370"}],"wp:attachment":[{"href":"https:\/\/blogs.fu-berlin.de\/bibliotheken\/wp-json\/wp\/v2\/media?parent=22214"}],"wp:term":[{"taxonomy":"category","embeddable":true,"href":"https:\/\/blogs.fu-berlin.de\/bibliotheken\/wp-json\/wp\/v2\/categories?post=22214"},{"taxonomy":"post_tag","embeddable":true,"href":"https:\/\/blogs.fu-berlin.de\/bibliotheken\/wp-json\/wp\/v2\/tags?post=22214"}],"curies":[{"name":"wp","href":"https:\/\/api.w.org\/{rel}","templated":true}]}}