{"id":22239,"date":"2017-11-29T15:40:51","date_gmt":"2017-11-29T14:40:51","guid":{"rendered":"https:\/\/blogs.fu-berlin.de\/bibliotheken\/?p=22239"},"modified":"2017-11-29T16:16:49","modified_gmt":"2017-11-29T15:16:49","slug":"neue-freie-datenbank-repensando-guernica","status":"publish","type":"post","link":"https:\/\/blogs.fu-berlin.de\/bibliotheken\/2017\/11\/29\/neue-freie-datenbank-repensando-guernica\/","title":{"rendered":"Neue freie Datenbank: Repensando Guernica"},"content":{"rendered":"<p><img loading=\"lazy\" decoding=\"async\" src=\"https:\/\/blogs.fu-berlin.de\/bibliotheken\/files\/2017\/11\/logo.png\" alt=\"\" width=\"130\" height=\"65\" class=\"alignright size-full wp-image-22246\" \/>Neu in das Datenbank-Infosystem (DBIS) aufgenommen wurde die kostenfreie Datenbank <a href=\"https:\/\/dbis.ur.de\/detail.php?titel_id=102391&amp;bib_id=fub\" target=\"_blank\">Repensando Guernica<\/a>.<\/p>\n<p>Die Datenbank enth\u00e4lt die Ergebnisse eines Forschungsprojektes am Museum &#8222;Reina Sof\u00eda&#8220; in Madrid. In diesem Projekt wurden Materialien gesammelt, die mit Pablo Picassos Gem\u00e4lde &#8222;Guernica&#8220; in Verbindung stehen. Zu den enthaltenen Materialien z\u00e4hlen u.a. Korrespondenzen zwischen Institutionen, Zeitungsartikel, Fotografien sowie interne Museumsdokumente. Insgesamt werden in der Datenbank ca. 2000 Dokumente\/Digitalisate zur Verf\u00fcgung gestellt.<br \/>\nDar\u00fcber hinaus wird ein hochaufl\u00f6sendes Digitalisat von &#8222;Guernica&#8220; angeboten. Das Gem\u00e4lde kann unter der Einwirkung von ultraviolettem und infrarotem Licht betrachtet werden.<br \/>\nEin Download der enthaltenen Materialien ist nicht m\u00f6glich.<\/p>\n","protected":false},"excerpt":{"rendered":"<p>Neu in das Datenbank-Infosystem (DBIS) aufgenommen wurde die kostenfreie Datenbank Repensando Guernica. Die Datenbank enth\u00e4lt die Ergebnisse eines Forschungsprojektes am Museum &#8222;Reina Sof\u00eda&#8220; in Madrid. In diesem Projekt wurden Materialien gesammelt, die mit Pablo Picassos Gem\u00e4lde &#8222;Guernica&#8220; in Verbindung stehen. Zu den enthaltenen Materialien z\u00e4hlen u.a. Korrespondenzen zwischen Institutionen, Zeitungsartikel, Fotografien sowie interne Museumsdokumente. Insgesamt &hellip; <a href=\"https:\/\/blogs.fu-berlin.de\/bibliotheken\/2017\/11\/29\/neue-freie-datenbank-repensando-guernica\/\" class=\"more-link\"><span class=\"screen-reader-text\">\u201eNeue freie Datenbank: Repensando Guernica\u201c<\/span> weiterlesen<\/a><\/p>\n","protected":false},"author":266,"featured_media":0,"comment_status":"open","ping_status":"open","sticky":false,"template":"","format":"standard","meta":{"footnotes":""},"categories":[457,584805],"tags":[12031,196672,196671,1762],"class_list":["post-22239","post","type-post","status-publish","format-standard","hentry","category-digitale-bibliothek","category-was-ist-neu","tag-bilddatenbank","tag-guernica","tag-pablo-picasso","tag-spanien"],"_links":{"self":[{"href":"https:\/\/blogs.fu-berlin.de\/bibliotheken\/wp-json\/wp\/v2\/posts\/22239","targetHints":{"allow":["GET"]}}],"collection":[{"href":"https:\/\/blogs.fu-berlin.de\/bibliotheken\/wp-json\/wp\/v2\/posts"}],"about":[{"href":"https:\/\/blogs.fu-berlin.de\/bibliotheken\/wp-json\/wp\/v2\/types\/post"}],"author":[{"embeddable":true,"href":"https:\/\/blogs.fu-berlin.de\/bibliotheken\/wp-json\/wp\/v2\/users\/266"}],"replies":[{"embeddable":true,"href":"https:\/\/blogs.fu-berlin.de\/bibliotheken\/wp-json\/wp\/v2\/comments?post=22239"}],"version-history":[{"count":4,"href":"https:\/\/blogs.fu-berlin.de\/bibliotheken\/wp-json\/wp\/v2\/posts\/22239\/revisions"}],"predecessor-version":[{"id":22248,"href":"https:\/\/blogs.fu-berlin.de\/bibliotheken\/wp-json\/wp\/v2\/posts\/22239\/revisions\/22248"}],"wp:attachment":[{"href":"https:\/\/blogs.fu-berlin.de\/bibliotheken\/wp-json\/wp\/v2\/media?parent=22239"}],"wp:term":[{"taxonomy":"category","embeddable":true,"href":"https:\/\/blogs.fu-berlin.de\/bibliotheken\/wp-json\/wp\/v2\/categories?post=22239"},{"taxonomy":"post_tag","embeddable":true,"href":"https:\/\/blogs.fu-berlin.de\/bibliotheken\/wp-json\/wp\/v2\/tags?post=22239"}],"curies":[{"name":"wp","href":"https:\/\/api.w.org\/{rel}","templated":true}]}}