{"id":22250,"date":"2017-12-04T14:56:26","date_gmt":"2017-12-04T13:56:26","guid":{"rendered":"https:\/\/blogs.fu-berlin.de\/bibliotheken\/?p=22250"},"modified":"2017-12-04T14:56:26","modified_gmt":"2017-12-04T13:56:26","slug":"noch-20-tuerchen","status":"publish","type":"post","link":"https:\/\/blogs.fu-berlin.de\/bibliotheken\/2017\/12\/04\/noch-20-tuerchen\/","title":{"rendered":"Noch 20 T\u00fcrchen &#8230;"},"content":{"rendered":"<p>Traditionsgem\u00e4\u00df pr\u00e4sentiert das Blog <a href=\"https:\/\/blog.bibliothekarisch.de\/blog\/2017\/12\/01\/mehr-oder-minder-bibliothekarische-adventskalender-2017\/\">Bibliothekarisch.de<\/a> wie in den vergangenen Jahren auch eine Linkliste mit Online-Adventskalendern von Bibliotheken, Verlagen, Hochschulen usw. (teilweise auch mit kommerziellem Hintergrund). Wer meint, aus dem Alter der klassischen Schokoladen-Weihnachtskalender herausgewachsen zu sein, findet dort in der Zeit von Christstollen, Gl\u00fchwein, Spekulatius &amp; Co. mit Sicherheit eine passende kalorien\u00e4rmere Variante \ud83d\ude09 &#8230;<\/p>\n","protected":false},"excerpt":{"rendered":"<p>Traditionsgem\u00e4\u00df pr\u00e4sentiert das Blog Bibliothekarisch.de wie in den vergangenen Jahren auch eine Linkliste mit Online-Adventskalendern von Bibliotheken, Verlagen, Hochschulen usw. (teilweise auch mit kommerziellem Hintergrund). Wer meint, aus dem Alter der klassischen Schokoladen-Weihnachtskalender herausgewachsen zu sein, findet dort in der Zeit von Christstollen, Gl\u00fchwein, Spekulatius &amp; Co. mit Sicherheit eine passende kalorien\u00e4rmere Variante \ud83d\ude09 &#8230;<\/p>\n","protected":false},"author":293,"featured_media":0,"comment_status":"open","ping_status":"open","sticky":false,"template":"","format":"standard","meta":{"footnotes":""},"categories":[9,604],"tags":[1339],"class_list":["post-22250","post","type-post","status-publish","format-standard","hentry","category-allgemein","category-ins-netz-geschaut","tag-digitaler-adventskalender"],"_links":{"self":[{"href":"https:\/\/blogs.fu-berlin.de\/bibliotheken\/wp-json\/wp\/v2\/posts\/22250","targetHints":{"allow":["GET"]}}],"collection":[{"href":"https:\/\/blogs.fu-berlin.de\/bibliotheken\/wp-json\/wp\/v2\/posts"}],"about":[{"href":"https:\/\/blogs.fu-berlin.de\/bibliotheken\/wp-json\/wp\/v2\/types\/post"}],"author":[{"embeddable":true,"href":"https:\/\/blogs.fu-berlin.de\/bibliotheken\/wp-json\/wp\/v2\/users\/293"}],"replies":[{"embeddable":true,"href":"https:\/\/blogs.fu-berlin.de\/bibliotheken\/wp-json\/wp\/v2\/comments?post=22250"}],"version-history":[{"count":2,"href":"https:\/\/blogs.fu-berlin.de\/bibliotheken\/wp-json\/wp\/v2\/posts\/22250\/revisions"}],"predecessor-version":[{"id":22252,"href":"https:\/\/blogs.fu-berlin.de\/bibliotheken\/wp-json\/wp\/v2\/posts\/22250\/revisions\/22252"}],"wp:attachment":[{"href":"https:\/\/blogs.fu-berlin.de\/bibliotheken\/wp-json\/wp\/v2\/media?parent=22250"}],"wp:term":[{"taxonomy":"category","embeddable":true,"href":"https:\/\/blogs.fu-berlin.de\/bibliotheken\/wp-json\/wp\/v2\/categories?post=22250"},{"taxonomy":"post_tag","embeddable":true,"href":"https:\/\/blogs.fu-berlin.de\/bibliotheken\/wp-json\/wp\/v2\/tags?post=22250"}],"curies":[{"name":"wp","href":"https:\/\/api.w.org\/{rel}","templated":true}]}}