{"id":22281,"date":"2017-12-13T18:39:28","date_gmt":"2017-12-13T17:39:28","guid":{"rendered":"https:\/\/blogs.fu-berlin.de\/bibliotheken\/?p=22281"},"modified":"2017-12-14T07:50:17","modified_gmt":"2017-12-14T06:50:17","slug":"online-material-zu-literaturnobelpreistraegern-garcia-marquez-und-ishiguro","status":"publish","type":"post","link":"https:\/\/blogs.fu-berlin.de\/bibliotheken\/2017\/12\/13\/online-material-zu-literaturnobelpreistraegern-garcia-marquez-und-ishiguro\/","title":{"rendered":"Online-Material zu Literaturnobelpreistr\u00e4gern Garc\u00eda M\u00e1rquez und Ishiguro"},"content":{"rendered":"<figure id=\"attachment_22285\" aria-describedby=\"caption-attachment-22285\" style=\"width: 238px\" class=\"wp-caption alignright\"><a href=\"https:\/\/blogs.fu-berlin.de\/bibliotheken\/files\/2017\/12\/Gabriel-Garc\u00eda-Marquez.jpg\"><img loading=\"lazy\" decoding=\"async\" class=\"wp-image-22285 size-medium\" src=\"https:\/\/blogs.fu-berlin.de\/bibliotheken\/files\/2017\/12\/Gabriel-Garc\u00eda-Marquez-238x300.jpg\" alt=\"Gabriel Garc\u00eda M\u00e1rquez (2009)\" width=\"238\" height=\"300\" srcset=\"https:\/\/blogs.fu-berlin.de\/bibliotheken\/files\/2017\/12\/Gabriel-Garc\u00eda-Marquez-238x300.jpg 238w, https:\/\/blogs.fu-berlin.de\/bibliotheken\/files\/2017\/12\/Gabriel-Garc\u00eda-Marquez.jpg 800w\" sizes=\"auto, (max-width: 238px) 85vw, 238px\" \/><\/a><figcaption id=\"caption-attachment-22285\" class=\"wp-caption-text\">Gabriel Garc\u00eda M\u00e1rquez (2009)<\/figcaption><\/figure>\n<p>Kurz nach der Ehrung der diesj\u00e4hrigen Nobelpreistr\u00e4ger am Sonntag hat das Harry Ransom Center an der Universit\u00e4t von Texas in Austin die <a href=\"https:\/\/dbis.ur.de\/detail.php?titel_id=102441&amp;bib_id=fub\">Gabriel Garc\u00eda M\u00e1rquez Collection<\/a> kostenfrei online ver\u00f6ffentlicht.<\/p>\n<p>Die Sammlung bietet Zugriff auf zahlreiche digitalisierte Objekte aus dem Nachlass des kolumbianischen Schriftstellers und Journalisten (1927-2014). Enthalten sind u. a. Manuskripte zu ver\u00f6ffentlichten und unver\u00f6ffentlichten Werken, Forschungsmaterial, Fotografien, Sammelalben, Briefwechsel, Zeitungsausschnitte, Notizb\u00fccher, Drehb\u00fccher, Druckmaterialien, Ephemera sowie <a href=\"https:\/\/hrc.contentdm.oclc.org\/digital\/collection\/p15878coll51\/id\/43673\/rec\/1\">eine Tonbandaufnahme<\/a> von Garc\u00eda M\u00e1rquez\u2018 Nobelpreisrede aus dem Jahr 1982. Nicht enthalten sind die zehn Entw\u00fcrfe zu seinem letzten, nicht fertiggestellten Roman <em>En agosto nos vemos<\/em> (engl.: <em>We\u2019ll See Each Other in August<\/em>), dessen erstes Kapitel 2014 von der spanischen Zeitung <em>La Vanguardia<\/em> <a href=\"https:\/\/www.lavanguardia.com\/cultura\/20140420\/54405144781\/gabo-en-agosto-nos-vemos.html\">ver\u00f6ffentlicht wurde<\/a>.<\/p>\n<p>Der Nachlass des Autors war im Jahr 2014 f\u00fcr 2,2 Mio. US-Dollar durch das Harry Ransom Center angekauft worden. Es wird eine englische und spanischsprachige Nutzer-Oberfl\u00e4che angeboten. Insgesamt verbrachten Bibliothekare, Archivare, Studenten und Techniker rund 18 Monate, um das Material im Volltext in den beiden Sprachen durchsuchbar zu machen (vgl. <a href=\"https:\/\/www.infodocket.com\/2017\/12\/11\/new-online-ransom-center-u-of-texas-at-austin-releases-digital-archive-with-material-from-gabriel-garcia-marquezs-archive\/\">INFOdocket.com<\/a>). Laut Anbieter ist gegenw\u00e4rtig die H\u00e4lfte des Archivguts online abrufbar.<\/p>\n<p>Eine Inspiration war Garc\u00eda M\u00e1rquez scheinbar auch f\u00fcr den diesj\u00e4hrigen Literaturnobelpreistr\u00e4ger Kazuo Ishiguro, wenn man dessen Nobelpreisvorlesung studiert. Im auch in deutscher \u00dcbersetzung vorliegenden Text\u00a0 <a href=\"https:\/\/www.nobelprize.org\/nobel_prizes\/literature\/laureates\/2017\/ishiguro-lecture_ty.html\"><em>Mein napoleonischer Abend \u2013 und andere kleine Offenbarungen <\/em><\/a>nimmt uns der Brite japanischer Herkunft mit auf eine Reise in den Herbst 1979 und die entscheidenden Momente, die ihn zum Schriftsteller werden lie\u00dfen. Im Gegensatz zu seinem Vorg\u00e4nger Bob Dylan nahm Ishiguro am Sonntag die Auszeichnung pers\u00f6nlich in Stockholm entgegen. Sein\u00a0 \u00fcberschaubares \u0152uvres aus sieben Romanen sowie einem Kurzgeschichtenband ist gerade frisch von der Universit\u00e4tsbibliothek eingekauft worden (Ausgaben des Heyne-Verlags, 2016) und \u00fcber das <a href=\"https:\/\/primo.fu-berlin.de\/\">Bibliotheksportal Primo<\/a> vorbestellbar:<\/p>\n<ul>\n<li><em><a href=\"https:\/\/primo.fu-berlin.de\/FUB:FUB_ALMA_DS21980405060002883\">Damals in Nagasaki<\/a><\/em> (1982)<\/li>\n<li><em><a href=\"https:\/\/primo.fu-berlin.de\/FUB:FUB_ALMA_DS21980404990002883\">Der Maler der flie\u00dfenden Welt<\/a><\/em> (1986)<\/li>\n<li><em><a href=\"https:\/\/primo.fu-berlin.de\/FUB:FUB_ALMA_DS21980405270002883\">Was vom Tage \u00fcbrigblieb<\/a> <\/em>(1989)<\/li>\n<li><em><a href=\"https:\/\/primo.fu-berlin.de\/FUB:FUB_ALMA_DS21980404940002883\">Die Ungetr\u00f6steten<\/a><\/em> (1995) &#8211; in Bearbeitung<\/li>\n<li><em><a href=\"https:\/\/primo.fu-berlin.de\/FUB:FUB_ALMA_DS21980405120002883\">Als wir Waisen waren<\/a><\/em> (2000)<\/li>\n<li><em><a href=\"https:\/\/primo.fu-berlin.de\/FUB:FUB_ALMA_DS21980405210002883\">Alles, was wir geben mussten<\/a><\/em> (2005)<\/li>\n<li><em><a href=\"https:\/\/primo.fu-berlin.de\/FUB:FUB_ALMA_DS21980405090002883\">Bei Anbruch der Nacht<\/a><\/em> (Kurzgeschichten, 2009)<\/li>\n<li><em><a href=\"https:\/\/primo.fu-berlin.de\/FUB:FUB_ALMA_DS21980405030002883\">Der begrabene Riese<\/a> <\/em>(2015)<\/li>\n<\/ul>\n<h6>Bild: Festival Internacional de Cine en Guadalajara (CC-BY-2.0, via <a href=\"https:\/\/commons.wikimedia.org\/wiki\/File:Gabriel_Garc%C3%ADa_Marquez_(recadrage).jpg\">Wikimedia Commons<\/a>)<\/h6>\n","protected":false},"excerpt":{"rendered":"<p>Kurz nach der Ehrung der diesj\u00e4hrigen Nobelpreistr\u00e4ger am Sonntag hat das Harry Ransom Center an der Universit\u00e4t von Texas in Austin die Gabriel Garc\u00eda M\u00e1rquez Collection kostenfrei online ver\u00f6ffentlicht. Die Sammlung bietet Zugriff auf zahlreiche digitalisierte Objekte aus dem Nachlass des kolumbianischen Schriftstellers und Journalisten (1927-2014). Enthalten sind u. a. Manuskripte zu ver\u00f6ffentlichten und unver\u00f6ffentlichten &hellip; <a href=\"https:\/\/blogs.fu-berlin.de\/bibliotheken\/2017\/12\/13\/online-material-zu-literaturnobelpreistraegern-garcia-marquez-und-ishiguro\/\" class=\"more-link\"><span class=\"screen-reader-text\">\u201eOnline-Material zu Literaturnobelpreistr\u00e4gern Garc\u00eda M\u00e1rquez und Ishiguro\u201c<\/span> weiterlesen<\/a><\/p>\n","protected":false},"author":293,"featured_media":0,"comment_status":"open","ping_status":"open","sticky":false,"template":"","format":"standard","meta":{"footnotes":""},"categories":[9,457,604,492,584805],"tags":[196680,196584,196583,640,520],"class_list":["post-22281","post","type-post","status-publish","format-standard","hentry","category-allgemein","category-digitale-bibliothek","category-ins-netz-geschaut","category-literaturtipps","category-was-ist-neu","tag-gabriel-garcia-marquez","tag-kazuo-ishiguro","tag-literaturnobelpreis","tag-lizenzfrei","tag-volltexte"],"_links":{"self":[{"href":"https:\/\/blogs.fu-berlin.de\/bibliotheken\/wp-json\/wp\/v2\/posts\/22281","targetHints":{"allow":["GET"]}}],"collection":[{"href":"https:\/\/blogs.fu-berlin.de\/bibliotheken\/wp-json\/wp\/v2\/posts"}],"about":[{"href":"https:\/\/blogs.fu-berlin.de\/bibliotheken\/wp-json\/wp\/v2\/types\/post"}],"author":[{"embeddable":true,"href":"https:\/\/blogs.fu-berlin.de\/bibliotheken\/wp-json\/wp\/v2\/users\/293"}],"replies":[{"embeddable":true,"href":"https:\/\/blogs.fu-berlin.de\/bibliotheken\/wp-json\/wp\/v2\/comments?post=22281"}],"version-history":[{"count":7,"href":"https:\/\/blogs.fu-berlin.de\/bibliotheken\/wp-json\/wp\/v2\/posts\/22281\/revisions"}],"predecessor-version":[{"id":22290,"href":"https:\/\/blogs.fu-berlin.de\/bibliotheken\/wp-json\/wp\/v2\/posts\/22281\/revisions\/22290"}],"wp:attachment":[{"href":"https:\/\/blogs.fu-berlin.de\/bibliotheken\/wp-json\/wp\/v2\/media?parent=22281"}],"wp:term":[{"taxonomy":"category","embeddable":true,"href":"https:\/\/blogs.fu-berlin.de\/bibliotheken\/wp-json\/wp\/v2\/categories?post=22281"},{"taxonomy":"post_tag","embeddable":true,"href":"https:\/\/blogs.fu-berlin.de\/bibliotheken\/wp-json\/wp\/v2\/tags?post=22281"}],"curies":[{"name":"wp","href":"https:\/\/api.w.org\/{rel}","templated":true}]}}