{"id":22339,"date":"2018-02-01T09:51:42","date_gmt":"2018-02-01T08:51:42","guid":{"rendered":"https:\/\/blogs.fu-berlin.de\/bibliotheken\/?p=22339"},"modified":"2021-09-14T10:36:54","modified_gmt":"2021-09-14T09:36:54","slug":"berliner-europa-dialog-am-06-02-2018-zurueck-in-die-zukunft-europa-und-die-kleinstaaterei","status":"publish","type":"post","link":"https:\/\/blogs.fu-berlin.de\/bibliotheken\/2018\/02\/01\/berliner-europa-dialog-am-06-02-2018-zurueck-in-die-zukunft-europa-und-die-kleinstaaterei\/","title":{"rendered":"Berliner Europa Dialog am 06.02.2018: Zur\u00fcck in die Zukunft? Europa und die Kleinstaaterei"},"content":{"rendered":"\n<p><em><span class=\"has-inline-color has-bright-red-color\">Der Betrieb des \u201eDokumentationszentrums UN \u2013 EU\u201c wird eingestellt. Die entsprechende Literatur bleibt im Bestand und ist weiterhin zug\u00e4nglich.<\/span><\/em><\/p>\n\n\n<p><figure id=\"attachment_22341\" aria-describedby=\"caption-attachment-22341\" style=\"width: 300px\" class=\"wp-caption alignright\"><img loading=\"lazy\" decoding=\"async\" class=\"wp-image-22341 size-medium\" src=\"https:\/\/blogs.fu-berlin.de\/bibliotheken\/files\/2018\/02\/BED_8_Separatismus_v1_MFM_web-300x300.jpg\" alt=\"\" width=\"300\" height=\"300\" srcset=\"https:\/\/blogs.fu-berlin.de\/bibliotheken\/files\/2018\/02\/BED_8_Separatismus_v1_MFM_web-300x300.jpg 300w, https:\/\/blogs.fu-berlin.de\/bibliotheken\/files\/2018\/02\/BED_8_Separatismus_v1_MFM_web-150x150.jpg 150w, https:\/\/blogs.fu-berlin.de\/bibliotheken\/files\/2018\/02\/BED_8_Separatismus_v1_MFM_web.jpg 1024w\" sizes=\"auto, (max-width: 300px) 85vw, 300px\" \/><figcaption id=\"caption-attachment-22341\" class=\"wp-caption-text\">Dimitris Kamaras Dimitris Kamaras, https:\/\/www.flickr.com\/photos\/127226743@N02\/37721827536\/ CC BY 2.0, \u00c4nderungen wurden gemacht (Zuschnitt)<\/figcaption><\/figure><\/p>\n<p>In Katalonien wurde in einem Referendum nach Angaben der katalanischen Regionalregierung in 90 Prozent der abgegebenen Stimmen f\u00fcr die Abspaltung von Spanien gestimmt, bei einer Wahlbeteiligung von rund 42 Prozent. Das Referendum ist, nach Auffassung der spanischen Regierung, nicht legal und nicht repr\u00e4sentativ. In Schottland wird seit der Entscheidung der britischen Bev\u00f6lkerung \u00fcber den Austritt aus der Europ\u00e4ischen Union \u00fcber ein weiteres Referendum zur Losl\u00f6sung von London diskutiert. In vielen weiteren Regionen innerhalb der EU \u2013 von Flandern \u00fcber S\u00fcdtirol bis hin zu Korsika \u2013 wird \u00fcber mehr Kompetenzen f\u00fcr lokale Einheiten diskutiert und gestritten. Nicht immer geht es dabei um einen eigenen Staat.<\/p>\n<div class=\"editor-content \">\n<p>Die Prozesse der Europ\u00e4isierung und der Globalisierung scheinen offensichtlich die Sehnsucht nach kleineren und \u00fcberschaubaren Einheiten \u2013 einer \u201eHeimat\u201c \u2013 zu steigern. Dabei ist jedoch jede Situation als eigener Fall getrennt zu betrachten, der jeweils vor einem spezifischen historischen Kontext entstanden ist. Dennoch ist ein aktueller Trend unverkennbar.<\/p>\n<p>Die Europ\u00e4ische Union hat sich im Falle des Konfliktes in Katalonien nicht als Vermittler angeboten. Gleichzeitig steht die Europ\u00e4ische Union f\u00fcr das \u201eEuropa der Regionen\u201c. Seit dem Vertrag von Maastricht existiert mit dem Ausschuss der Regionen ein eigenes Gremium, in dem die Regionen der EU ihre Interessen vertreten \u2013 allerdings nur mit beratendem Charakter.<\/p>\n<p>Welches Verst\u00e4ndnis von Region liegt hier jeweils zu Grunde? K\u00f6nnen separatistische Bestrebungen mit mehr F\u00f6deralismus gel\u00f6st werden, wie im Falle Spaniens? Oder sollten Zentralregierungen Verhandlungen ablehnen? Und welche Rolle kann und soll die EU spielen?<\/p>\n<p>Diese und weitere Fragen m\u00f6chten wir mit Ihnen und den Teilnehmerinnen und Teilnehmern unserer Gespr\u00e4chsrunde diskutieren. Die Veranstaltung findet am <strong>06.02.2018 von 18:30\u201320:30 <\/strong>Uhr in der Freien Universit\u00e4t Berlin, Henry-Ford-Bau, H\u00f6rsaal A, Garystra\u00dfe, 14195 Berlin-Dahlem (U3 Freie Universit\u00e4t, ehem. Thielplatz) statt. Sie wird moderiert von <strong>Prof. Dr. Tanja B\u00f6rzel (Otto-Suhr-Institut, FU Berlin).<\/strong><\/p>\n<p>Als Referentinnen und Referenten haben zugesagt:<\/p>\n<ul>\n<li><strong>Bart Biesemans<\/strong>, freier Journalist aus Belgien<\/li>\n<li><strong>Jan Diedrichsen<\/strong>, Gesellschaft f\u00fcr bedrohte V\u00f6lker, Vorsitzender der Gesellschaft<\/li>\n<li><strong> Dr. habil. Sabine Riedel<\/strong>, Stiftung Wissenschaft und Politik<\/li>\n<li><strong>Oriol Serra<\/strong>, Katalanischer Korrespondent in Deutschland f\u00fcr Televisi\u00f3 3 und Catalunya R\u00e0dio<\/li>\n<\/ul>\n<p>Wir w\u00fcrden uns freuen, Sie zu der Podiumsdiskussion begr\u00fc\u00dfen zu d\u00fcrfen. Die Veranstaltung ist \u00f6ffentlich, der Eintritt frei. Ihre Anmeldung senden Sie bitte bis zum <strong>05.02.2018 <\/strong>an <a href=\"mailto:info@eu-infozentrum-berlin.de\">info@eu-infozentrum-berlin.de<\/a>.<\/p>\n<p>Die Veranstaltung im Rahmen der Reihe <em>Berliner Europa-Dialog<\/em> wird kooperativ organisiert vom Dokumentationszentrum Vereinte Nationen \u2013 Europ\u00e4ische Union der Freien Universit\u00e4t Berlin, dem Europ\u00e4ischen Informationszentrum Berlin (Tr\u00e4ger: Deutsche Gesellschaft e.V.) sowie der Europa-Union Berlin e.V.<\/p>\n<p><a href=\"https:\/\/www.fu-berlin.de\/sites\/ub\/ueber-uns\/un-eu\/veranstaltungen\/BED-8\/index.html\">Links<\/a> zum Thema finden Sie auf unserer Internetseite.<\/p>\n<p>Noch mehr Informationen zur EU bekommen Sie in unserem <a href=\"https:\/\/www.ub.fu-berlin.de\/bibliothek\/uneu\/\">Dokumentationszentrum&nbsp;UN-EU<\/a>.<\/p>\n<\/div>","protected":false},"excerpt":{"rendered":"<p>Der Betrieb des \u201eDokumentationszentrums UN \u2013 EU\u201c wird eingestellt. Die entsprechende Literatur bleibt im Bestand und ist weiterhin zug\u00e4nglich. In Katalonien wurde in einem Referendum nach Angaben der katalanischen Regionalregierung in 90 Prozent der abgegebenen Stimmen f\u00fcr die Abspaltung von Spanien gestimmt, bei einer Wahlbeteiligung von rund 42 Prozent. Das Referendum ist, nach Auffassung der &hellip; <a href=\"https:\/\/blogs.fu-berlin.de\/bibliotheken\/2018\/02\/01\/berliner-europa-dialog-am-06-02-2018-zurueck-in-die-zukunft-europa-und-die-kleinstaaterei\/\" class=\"more-link\"><span class=\"screen-reader-text\">\u201eBerliner Europa Dialog am 06.02.2018: Zur\u00fcck in die Zukunft? Europa und die Kleinstaaterei\u201c<\/span> weiterlesen<\/a><\/p>\n","protected":false},"author":2907,"featured_media":0,"comment_status":"open","ping_status":"open","sticky":false,"template":"","format":"standard","meta":{"footnotes":""},"categories":[70],"tags":[56901,2458,196690,196694,1977,196693,196689,196691,196692],"class_list":["post-22339","post","type-post","status-publish","format-standard","hentry","category-veranstaltungen","tag-berliner-europa-dialog","tag-dokumentationszentrum-un-eu","tag-europa-der-regionen","tag-europa-union-berlin-e-v","tag-europaische-union","tag-europaeisches-informationszentrum-berlin","tag-foederalismus","tag-referendum","tag-vertrag-von-maastrich"],"_links":{"self":[{"href":"https:\/\/blogs.fu-berlin.de\/bibliotheken\/wp-json\/wp\/v2\/posts\/22339","targetHints":{"allow":["GET"]}}],"collection":[{"href":"https:\/\/blogs.fu-berlin.de\/bibliotheken\/wp-json\/wp\/v2\/posts"}],"about":[{"href":"https:\/\/blogs.fu-berlin.de\/bibliotheken\/wp-json\/wp\/v2\/types\/post"}],"author":[{"embeddable":true,"href":"https:\/\/blogs.fu-berlin.de\/bibliotheken\/wp-json\/wp\/v2\/users\/2907"}],"replies":[{"embeddable":true,"href":"https:\/\/blogs.fu-berlin.de\/bibliotheken\/wp-json\/wp\/v2\/comments?post=22339"}],"version-history":[{"count":7,"href":"https:\/\/blogs.fu-berlin.de\/bibliotheken\/wp-json\/wp\/v2\/posts\/22339\/revisions"}],"predecessor-version":[{"id":29362,"href":"https:\/\/blogs.fu-berlin.de\/bibliotheken\/wp-json\/wp\/v2\/posts\/22339\/revisions\/29362"}],"wp:attachment":[{"href":"https:\/\/blogs.fu-berlin.de\/bibliotheken\/wp-json\/wp\/v2\/media?parent=22339"}],"wp:term":[{"taxonomy":"category","embeddable":true,"href":"https:\/\/blogs.fu-berlin.de\/bibliotheken\/wp-json\/wp\/v2\/categories?post=22339"},{"taxonomy":"post_tag","embeddable":true,"href":"https:\/\/blogs.fu-berlin.de\/bibliotheken\/wp-json\/wp\/v2\/tags?post=22339"}],"curies":[{"name":"wp","href":"https:\/\/api.w.org\/{rel}","templated":true}]}}