{"id":22386,"date":"2018-01-16T16:41:13","date_gmt":"2018-01-16T15:41:13","guid":{"rendered":"https:\/\/blogs.fu-berlin.de\/bibliotheken\/?p=22386"},"modified":"2018-01-16T16:41:13","modified_gmt":"2018-01-16T15:41:13","slug":"ueber-den-duft-von-buechern","status":"publish","type":"post","link":"https:\/\/blogs.fu-berlin.de\/bibliotheken\/2018\/01\/16\/ueber-den-duft-von-buechern\/","title":{"rendered":"\u00dcber den Duft von B\u00fcchern"},"content":{"rendered":"<p>Der slowenische Chemiker Matija Strli\u010d forscht seit Jahren am University College London (UCL) \u00fcber den Geruch von B\u00fcchern und versucht diese so vor dem Verfall zu retten. Nachdem wir letzten November <a href=\"https:\/\/blogs.fu-berlin.de\/bibliotheken\/2017\/11\/16\/der-duft-der-buecher\/\">einen kurzen Hinweis<\/a> auf ihn im Biblioblog gegeben hatten, erschien kurz vor Weihnachten auch ein ausf\u00fchrlicher Artikel von Jessica Braun unter dem Titel \u201eDas Parfum der B\u00fccher\u201c in der Zeit (20. Dezember 2017, Nr. 53, S. 37). Die kostenfreie Online-Version zum Nachlesen ist <a href=\"https:\/\/www.zeit.de\/2017\/53\/gerueche-buecher-bibliothek-untersuchung\">hier<\/a> vorr\u00e4tig \ud83d\ude09 &#8230;<\/p>\n","protected":false},"excerpt":{"rendered":"<p>Der slowenische Chemiker Matija Strli\u010d forscht seit Jahren am University College London (UCL) \u00fcber den Geruch von B\u00fcchern und versucht diese so vor dem Verfall zu retten. Nachdem wir letzten November einen kurzen Hinweis auf ihn im Biblioblog gegeben hatten, erschien kurz vor Weihnachten auch ein ausf\u00fchrlicher Artikel von Jessica Braun unter dem Titel \u201eDas &hellip; <a href=\"https:\/\/blogs.fu-berlin.de\/bibliotheken\/2018\/01\/16\/ueber-den-duft-von-buechern\/\" class=\"more-link\"><span class=\"screen-reader-text\">\u201e\u00dcber den Duft von B\u00fcchern\u201c<\/span> weiterlesen<\/a><\/p>\n","protected":false},"author":293,"featured_media":0,"comment_status":"open","ping_status":"open","sticky":false,"template":"","format":"standard","meta":{"footnotes":""},"categories":[9,604],"tags":[196645,582,196646,2045,196647],"class_list":["post-22386","post","type-post","status-publish","format-standard","hentry","category-allgemein","category-ins-netz-geschaut","tag-bestandserhaltung","tag-bucher","tag-geruch","tag-libraryfun","tag-matija-strlic"],"_links":{"self":[{"href":"https:\/\/blogs.fu-berlin.de\/bibliotheken\/wp-json\/wp\/v2\/posts\/22386","targetHints":{"allow":["GET"]}}],"collection":[{"href":"https:\/\/blogs.fu-berlin.de\/bibliotheken\/wp-json\/wp\/v2\/posts"}],"about":[{"href":"https:\/\/blogs.fu-berlin.de\/bibliotheken\/wp-json\/wp\/v2\/types\/post"}],"author":[{"embeddable":true,"href":"https:\/\/blogs.fu-berlin.de\/bibliotheken\/wp-json\/wp\/v2\/users\/293"}],"replies":[{"embeddable":true,"href":"https:\/\/blogs.fu-berlin.de\/bibliotheken\/wp-json\/wp\/v2\/comments?post=22386"}],"version-history":[{"count":1,"href":"https:\/\/blogs.fu-berlin.de\/bibliotheken\/wp-json\/wp\/v2\/posts\/22386\/revisions"}],"predecessor-version":[{"id":22387,"href":"https:\/\/blogs.fu-berlin.de\/bibliotheken\/wp-json\/wp\/v2\/posts\/22386\/revisions\/22387"}],"wp:attachment":[{"href":"https:\/\/blogs.fu-berlin.de\/bibliotheken\/wp-json\/wp\/v2\/media?parent=22386"}],"wp:term":[{"taxonomy":"category","embeddable":true,"href":"https:\/\/blogs.fu-berlin.de\/bibliotheken\/wp-json\/wp\/v2\/categories?post=22386"},{"taxonomy":"post_tag","embeddable":true,"href":"https:\/\/blogs.fu-berlin.de\/bibliotheken\/wp-json\/wp\/v2\/tags?post=22386"}],"curies":[{"name":"wp","href":"https:\/\/api.w.org\/{rel}","templated":true}]}}