{"id":22399,"date":"2018-01-19T09:00:19","date_gmt":"2018-01-19T08:00:19","guid":{"rendered":"https:\/\/blogs.fu-berlin.de\/bibliotheken\/?p=22399"},"modified":"2021-09-14T10:39:14","modified_gmt":"2021-09-14T09:39:14","slug":"kurzfristige-ankuendigung-buergerdialog-bei-der-internationalen-gruenen-woche-in-berlin","status":"publish","type":"post","link":"https:\/\/blogs.fu-berlin.de\/bibliotheken\/2018\/01\/19\/kurzfristige-ankuendigung-buergerdialog-bei-der-internationalen-gruenen-woche-in-berlin\/","title":{"rendered":"Kurzfristige Ank\u00fcndigung: B\u00fcrgerdialog bei der Internationalen Gr\u00fcnen Woche in Berlin"},"content":{"rendered":"\n<p><em><span class=\"has-inline-color has-bright-red-color\">Der Betrieb des \u201eDokumentationszentrums UN \u2013 EU\u201c wird eingestellt. Die entsprechende Literatur bleibt im Bestand und ist weiterhin zug\u00e4nglich.<\/span><\/em><\/p>\n\n\n<section class=\"main-content\">\n<div class=\"region region-content\">\n<section id=\"block-system-main\" class=\"block block-system clearfix\">\n<div class=\"block__content\">\n<div class=\"node node-event view-mode-full\">\n<div class=\"page-header\">\n<div class=\"container-fluid page-header__hero-title\">\n<div class=\"row padding-reset\">\n<div class=\"col-lg-9 \">\n<div class=\"field field-name-title field--title\">\n<div class=\"field__items\">\n<p>B\u00fcrgerdialog mit Kommissar <a href=\"https:\/\/ec.europa.eu\/commission\/commissioners\/2014-2019\/andriukaitis_en\">Vytenis Andriukaitis<\/a> (<span class=\"context-nav__item\">\u00d6ffentliches Gesundheitswesen und Lebensmittelsicherheit) <\/span>und Kommissar <a href=\"https:\/\/ec.europa.eu\/commission\/commissioners\/2014-2019\/hogan_en\">Phil Hogan<\/a>&nbsp;(Landwirtschaft und l\u00e4ndliche Entwicklung) bei der Gr\u00fcnen Woche in Berlin.<\/p>\n<p style=\"margin: 0cm;margin-bottom: .0001pt\">Von der Farm bis zum Teller &#8211; Lassen Sie uns \u00fcber die Zukunft der europ\u00e4ischen Nahrungsmittelproduktion und den Nahrungsmittelkonsum sprechen.<\/p>\n<p style=\"margin: 0cm;margin-bottom: .0001pt\">Wie kann die europ\u00e4ische Nahrungsmittelproduktion und der Nahrungsmittelverbrauch nachhaltiger gestaltet werden? Wie kann man Lebensmittelverschwendung reduzieren? Wie kann die europ\u00e4ische Landwirtschaft f\u00fcr die Herausforderungen des n\u00e4chsten Jahrzehnts fit gemacht werden?<\/p>\n<p><span lang=\"de\">Die Diskussion wird von Asli Sevindim (WDR TV) moderiert. <a href=\"https:\/\/player.cdn.tv1.eu\/player\/macros\/eu\/berlin_190118\">Hier<\/a> k\u00f6nnen Sie die Diskussion sehen.<br>\n<\/span><\/p>\n<section class=\"main-content\">\n<div class=\"region region-content\">\n<section id=\"block-system-main\" class=\"block block-system clearfix\">\n<div class=\"block__content\">\n<div class=\"node node-event view-mode-full\">\n<div class=\"page-content\">\n<div class=\"container-fluid\">\n<div class=\"row\">\n<section class=\"col-sm-12 section col-md-12\">\n<div id=\"practicalinformation\" class=\"section__group\">\n<div class=\"row\">\n<div class=\"col-md-6 col-sm-6\">\n<div class=\"field field-name-dt-event-date-and-time clearfix field--dt-event-date-and-time\">\n<div>\n<section class=\"main-content\">\n<div class=\"region region-content\">\n<section id=\"block-system-main\" class=\"block block-system clearfix\">\n<div class=\"block__content\">\n<div class=\"node node-event view-mode-full\">\n<div class=\"page-content\">\n<div class=\"container-fluid\">\n<div class=\"row\">\n<div class=\"section section--content-top-middle-right col-lg-7 \">\n<div class=\"field field-name-field-core-introduction field--field-core-introduction\">\n<div class=\"field__items\">\n<p style=\"margin: 0cm;margin-bottom: .0001pt\">Zeitpunkt: Freitag der 19.01.2018, 16:40 &#8211; 17:30 Uhr<\/p>\n<p style=\"margin: 0cm;margin-bottom: .0001pt\">Ort: Messegel\u00e4nde Halle 3.2 central stage (gegen\u00fcber dem Hofcaf\u00e9)<\/p>\n<p>&nbsp;<\/p>\n<\/div>\n<\/div>\n<div class=\"field field-name-field-core-introduction field--field-core-introduction\">\n<div class=\"field__items\">\n<p style=\"margin: 0cm;margin-bottom: .0001pt\">Noch mehr Informationen zur EU bekommen Sie in unserem <a href=\"https:\/\/www.ub.fu-berlin.de\/bibliothek\/uneu\/\">Dokumentationszentrum UN-EU<\/a>.<\/p>\n<\/div>\n<\/div>\n<\/div>\n<\/div>\n<\/div>\n<\/div>\n<\/div>\n<\/div>\n<\/section>\n<\/div>\n<\/section>\n<\/div>\n<\/div>\n<\/div>\n<\/div>\n<\/div>\n<\/section>\n<\/div>\n<\/div>\n<\/div>\n<\/div>\n<\/div>\n<\/section>\n<\/div>\n<\/section>\n<\/div>\n<\/div>\n<\/div>\n<\/div>\n<\/div>\n<\/div>\n<\/div>\n<\/div>\n<\/section>\n<\/div>\n<\/section>","protected":false},"excerpt":{"rendered":"<p>Der Betrieb des \u201eDokumentationszentrums UN \u2013 EU\u201c wird eingestellt. Die entsprechende Literatur bleibt im Bestand und ist weiterhin zug\u00e4nglich. B\u00fcrgerdialog mit Kommissar Vytenis Andriukaitis (\u00d6ffentliches Gesundheitswesen und Lebensmittelsicherheit) und Kommissar Phil Hogan&nbsp;(Landwirtschaft und l\u00e4ndliche Entwicklung) bei der Gr\u00fcnen Woche in Berlin. Von der Farm bis zum Teller &#8211; Lassen Sie uns \u00fcber die Zukunft der &hellip; <a href=\"https:\/\/blogs.fu-berlin.de\/bibliotheken\/2018\/01\/19\/kurzfristige-ankuendigung-buergerdialog-bei-der-internationalen-gruenen-woche-in-berlin\/\" class=\"more-link\"><span class=\"screen-reader-text\">\u201eKurzfristige Ank\u00fcndigung: B\u00fcrgerdialog bei der Internationalen Gr\u00fcnen Woche in Berlin\u201c<\/span> weiterlesen<\/a><\/p>\n","protected":false},"author":2907,"featured_media":0,"comment_status":"open","ping_status":"open","sticky":false,"template":"","format":"standard","meta":{"footnotes":""},"categories":[70],"tags":[2458,56945,196708,196707,196706,196710,196709,24588],"class_list":["post-22399","post","type-post","status-publish","format-standard","hentry","category-veranstaltungen","tag-dokumentationszentrum-un-eu","tag-europaeische-kommission","tag-gruene-woche","tag-landwirtschaft-und-laendliche-entwicklung","tag-lebensmittelsicherheit","tag-nahrungsmittelkonsum","tag-nahrungsmittelproduktion","tag-oeffentliches-gesundheitswesen"],"_links":{"self":[{"href":"https:\/\/blogs.fu-berlin.de\/bibliotheken\/wp-json\/wp\/v2\/posts\/22399","targetHints":{"allow":["GET"]}}],"collection":[{"href":"https:\/\/blogs.fu-berlin.de\/bibliotheken\/wp-json\/wp\/v2\/posts"}],"about":[{"href":"https:\/\/blogs.fu-berlin.de\/bibliotheken\/wp-json\/wp\/v2\/types\/post"}],"author":[{"embeddable":true,"href":"https:\/\/blogs.fu-berlin.de\/bibliotheken\/wp-json\/wp\/v2\/users\/2907"}],"replies":[{"embeddable":true,"href":"https:\/\/blogs.fu-berlin.de\/bibliotheken\/wp-json\/wp\/v2\/comments?post=22399"}],"version-history":[{"count":4,"href":"https:\/\/blogs.fu-berlin.de\/bibliotheken\/wp-json\/wp\/v2\/posts\/22399\/revisions"}],"predecessor-version":[{"id":29366,"href":"https:\/\/blogs.fu-berlin.de\/bibliotheken\/wp-json\/wp\/v2\/posts\/22399\/revisions\/29366"}],"wp:attachment":[{"href":"https:\/\/blogs.fu-berlin.de\/bibliotheken\/wp-json\/wp\/v2\/media?parent=22399"}],"wp:term":[{"taxonomy":"category","embeddable":true,"href":"https:\/\/blogs.fu-berlin.de\/bibliotheken\/wp-json\/wp\/v2\/categories?post=22399"},{"taxonomy":"post_tag","embeddable":true,"href":"https:\/\/blogs.fu-berlin.de\/bibliotheken\/wp-json\/wp\/v2\/tags?post=22399"}],"curies":[{"name":"wp","href":"https:\/\/api.w.org\/{rel}","templated":true}]}}