{"id":22448,"date":"2018-02-08T12:00:19","date_gmt":"2018-02-08T11:00:19","guid":{"rendered":"https:\/\/blogs.fu-berlin.de\/bibliotheken\/?p=22448"},"modified":"2021-09-14T10:36:03","modified_gmt":"2021-09-14T09:36:03","slug":"vorstellung-des-global-monitoring-reports-von-un-women","status":"publish","type":"post","link":"https:\/\/blogs.fu-berlin.de\/bibliotheken\/2018\/02\/08\/vorstellung-des-global-monitoring-reports-von-un-women\/","title":{"rendered":"Vorstellung des Global Monitoring Reports von UN Women"},"content":{"rendered":"\n<p><em><span class=\"has-inline-color has-bright-red-color\">Der Betrieb des \u201eDokumentationszentrums UN \u2013 EU\u201c wird eingestellt. Die entsprechende Literatur bleibt im Bestand und ist weiterhin zug\u00e4nglich.<\/span><\/em><\/p>\n\n\n<p><em>Den Versprechen Taten folgen lassen: Gleichstellung der Geschlechter in der Agenda 2030<\/em>, Vorstellung des Global Monitoring Reports am:<br>\n<strong>15. Februar 2018, 17:30-20:30 Uhr<\/strong>, im Bundesministerium&nbsp;f\u00fcr Wirtschaftliche Zusammenarbeit und Entwicklung (BMZ), Marie-Schlei-Saal, Stresemannstr. 94, 10963 Berlin.<\/p>\n<p><em>Begr\u00fc\u00dfung und Einleitung: <\/em><\/p>\n<ul>\n<li>Thomas Silberhorn &#8211; Parlamentarischer Staatssekret\u00e4r, Bundesministerium f\u00fcr wirtschaftliche Zusammenarbeit und Entwicklung (BMZ)<\/li>\n<li>Dr. Yannick Glemarec &#8211; Beigeordneter Generalsekret\u00e4r, Stellv. Exekutivdirektor, UN Women<\/li>\n<\/ul>\n<p><em>Pr\u00e4sentation der Zentralen Ergebnisse des Berichts: <\/em><\/p>\n<ul>\n<li>Dr. Silke Staab &#8211; Report Manager, UN Women<\/li>\n<\/ul>\n<p><em>Podiumsdiskussion: <\/em><\/p>\n<ul>\n<li>Sascha Gabizon &#8211; Exekutivdirektorin, Women Engage for a Common Future (WECF),<\/li>\n<li>Dr. Yannick Glemarec &#8211; Beigeordneter Generalsekret\u00e4r, Stellv. Exekutivdirektor, UN Women,<\/li>\n<li>Ingrid-Gabriela Hoven &#8211; Leiterin der Abteilung \u201eGlobale Zukunftsaufgaben \u2013 Sektoren\u201c (BMZ),<\/li>\n<li>Prof. Dr. Ute Klammer &#8211; Vorsitzende der Sachverst\u00e4ndigenkommission Gleichstellung des Bundesministeriums f\u00fcr Familie, Senioren, Frauen und Jugend (BMFSFJ)<\/li>\n<\/ul>\n<p><em>Moderation: <\/em>Conny Czymoch<\/p>\n<p>Zur Veranstaltung laden <a href=\"http:\/\/www.bmz.de\/de\/index.html\">BMZ<\/a> und <a href=\"http:\/\/www.unwomen.org\/en\">UN Women<\/a>, gemeinsam mit der <a href=\"https:\/\/www.dgvn.de\/\">Deutschen Gesellschaft f\u00fcr die Vereinten Nationen<\/a> (DGVN) und <a href=\"http:\/\/www.unwomen.de\/un-women-nationales-komitee-deutschland-ev.html\">UN Women Nationales Komitee Deutschland<\/a>.<\/p>\n<p><a href=\"https:\/\/www.unwomen.de\/index.php?id=387\">Bitte melden Sie sich f\u00fcr diese Veranstaltung an<\/a> und bringen Sie Ihren Lichtbildausweis mit.<\/p>\n<p>Noch mehr Informationen zur UN bekommen Sie in unserem <a href=\"https:\/\/www.ub.fu-berlin.de\/bibliothek\/uneu\/\">Dokumentationszentrum&nbsp;UN-EU<\/a>.<\/p>","protected":false},"excerpt":{"rendered":"<p>Der Betrieb des \u201eDokumentationszentrums UN \u2013 EU\u201c wird eingestellt. Die entsprechende Literatur bleibt im Bestand und ist weiterhin zug\u00e4nglich. Den Versprechen Taten folgen lassen: Gleichstellung der Geschlechter in der Agenda 2030, Vorstellung des Global Monitoring Reports am: 15. Februar 2018, 17:30-20:30 Uhr, im Bundesministerium&nbsp;f\u00fcr Wirtschaftliche Zusammenarbeit und Entwicklung (BMZ), Marie-Schlei-Saal, Stresemannstr. 94, 10963 Berlin. Begr\u00fc\u00dfung &hellip; <a href=\"https:\/\/blogs.fu-berlin.de\/bibliotheken\/2018\/02\/08\/vorstellung-des-global-monitoring-reports-von-un-women\/\" class=\"more-link\"><span class=\"screen-reader-text\">\u201eVorstellung des Global Monitoring Reports von UN Women\u201c<\/span> weiterlesen<\/a><\/p>\n","protected":false},"author":2907,"featured_media":0,"comment_status":"open","ping_status":"open","sticky":false,"template":"","format":"standard","meta":{"footnotes":""},"categories":[9],"tags":[57496,196721,196722,57510,2458,196723,12086],"class_list":["post-22448","post","type-post","status-publish","format-standard","hentry","category-allgemein","tag-agenda-2030","tag-bmz","tag-bundesministerium-fuer-wirtschaftliche-zusammenarbeit-und-entwicklung","tag-dgvn","tag-dokumentationszentrum-un-eu","tag-un-women","tag-vereinte-nationen"],"_links":{"self":[{"href":"https:\/\/blogs.fu-berlin.de\/bibliotheken\/wp-json\/wp\/v2\/posts\/22448","targetHints":{"allow":["GET"]}}],"collection":[{"href":"https:\/\/blogs.fu-berlin.de\/bibliotheken\/wp-json\/wp\/v2\/posts"}],"about":[{"href":"https:\/\/blogs.fu-berlin.de\/bibliotheken\/wp-json\/wp\/v2\/types\/post"}],"author":[{"embeddable":true,"href":"https:\/\/blogs.fu-berlin.de\/bibliotheken\/wp-json\/wp\/v2\/users\/2907"}],"replies":[{"embeddable":true,"href":"https:\/\/blogs.fu-berlin.de\/bibliotheken\/wp-json\/wp\/v2\/comments?post=22448"}],"version-history":[{"count":16,"href":"https:\/\/blogs.fu-berlin.de\/bibliotheken\/wp-json\/wp\/v2\/posts\/22448\/revisions"}],"predecessor-version":[{"id":29358,"href":"https:\/\/blogs.fu-berlin.de\/bibliotheken\/wp-json\/wp\/v2\/posts\/22448\/revisions\/29358"}],"wp:attachment":[{"href":"https:\/\/blogs.fu-berlin.de\/bibliotheken\/wp-json\/wp\/v2\/media?parent=22448"}],"wp:term":[{"taxonomy":"category","embeddable":true,"href":"https:\/\/blogs.fu-berlin.de\/bibliotheken\/wp-json\/wp\/v2\/categories?post=22448"},{"taxonomy":"post_tag","embeddable":true,"href":"https:\/\/blogs.fu-berlin.de\/bibliotheken\/wp-json\/wp\/v2\/tags?post=22448"}],"curies":[{"name":"wp","href":"https:\/\/api.w.org\/{rel}","templated":true}]}}