{"id":22466,"date":"2018-01-31T15:01:52","date_gmt":"2018-01-31T14:01:52","guid":{"rendered":"https:\/\/blogs.fu-berlin.de\/bibliotheken\/?p=22466"},"modified":"2021-09-14T10:37:29","modified_gmt":"2021-09-14T09:37:29","slug":"buchvorstellungen-am-06-02-18-in-der-universitaet-potsdam","status":"publish","type":"post","link":"https:\/\/blogs.fu-berlin.de\/bibliotheken\/2018\/01\/31\/buchvorstellungen-am-06-02-18-in-der-universitaet-potsdam\/","title":{"rendered":"Buchvorstellungen am 06.02.18 in der Universit\u00e4t Potsdam"},"content":{"rendered":"\n<p><em><span class=\"has-inline-color has-bright-red-color\">Der Betrieb des \u201eDokumentationszentrums UN \u2013 EU\u201c wird eingestellt. Die entsprechende Literatur bleibt im Bestand und ist weiterhin zug\u00e4nglich.<\/span><\/em><\/p>\n\n\n<p>Am 06. Februar 2018 haben Sie die M\u00f6glichkeit, n\u00e4heres zu der Geschichte der deutschen UN-Politik zu erfahren. In der Universit\u00e4t Potsdam werden zwei Werke aus dem letzten Jahr vorgestellt. Es handelt sich hierbei um \u201eDie Deutsche Gesellschaft f\u00fcr die Vereinten Nationen. Geschichte, Organisation und politisches Wirken, 1952-2017\u201c von den Herausgebern und G\u00e4sten Prof. Dr. Norman Wei\u00df und Dr. Nikolas D\u00f6rr, erschienen im Nomos Verlag und um<em> \u201e<\/em>Kalter Krieg zwischen den beiden deutschen UN-Gesellschaften 1952-1968\u201c von dem Herausgeber und Gast Prof. Dr. Klaus H\u00fcfner, erschienen in dem Verlag Frank &amp; Timme.<\/p>\n<p>Die beiden B\u00fccher werden im Campus Griebnitzsee, August-Bebel-Str. 89 im Haus 6, Raum 3.06.S18 im Rahmen von \u201eUNO und UNESCO \u2013 zivilgesellschaftliche Diskursthemen und Gegenst\u00e4nde wissenschaftlicher Forschung in Deutschland\u201c in der Zeit von 16.15 \u2013 17.45 Uhr vorgestellt. Als weiterer Gast wird Dr. Christian Stock anwesend sein.<\/p>\n<p>Noch mehr Informationen zur UN bekommen Sie in unserem <a href=\"https:\/\/www.ub.fu-berlin.de\/bibliothek\/uneu\/\">Dokumentationszentrum&nbsp;UN-EU<\/a>.<\/p>","protected":false},"excerpt":{"rendered":"<p>Der Betrieb des \u201eDokumentationszentrums UN \u2013 EU\u201c wird eingestellt. Die entsprechende Literatur bleibt im Bestand und ist weiterhin zug\u00e4nglich. Am 06. Februar 2018 haben Sie die M\u00f6glichkeit, n\u00e4heres zu der Geschichte der deutschen UN-Politik zu erfahren. In der Universit\u00e4t Potsdam werden zwei Werke aus dem letzten Jahr vorgestellt. Es handelt sich hierbei um \u201eDie Deutsche &hellip; <a href=\"https:\/\/blogs.fu-berlin.de\/bibliotheken\/2018\/01\/31\/buchvorstellungen-am-06-02-18-in-der-universitaet-potsdam\/\" class=\"more-link\"><span class=\"screen-reader-text\">\u201eBuchvorstellungen am 06.02.18 in der Universit\u00e4t Potsdam\u201c<\/span> weiterlesen<\/a><\/p>\n","protected":false},"author":3230,"featured_media":0,"comment_status":"open","ping_status":"open","sticky":false,"template":"","format":"standard","meta":{"footnotes":""},"categories":[9,492],"tags":[18609,2458,451,970,196724,196725,12086],"class_list":["post-22466","post","type-post","status-publish","format-standard","hentry","category-allgemein","category-literaturtipps","tag-buchvorstellung","tag-dokumentationszentrum-un-eu","tag-literatur","tag-unesco","tag-universitaet-potsdam","tag-uno","tag-vereinte-nationen"],"_links":{"self":[{"href":"https:\/\/blogs.fu-berlin.de\/bibliotheken\/wp-json\/wp\/v2\/posts\/22466","targetHints":{"allow":["GET"]}}],"collection":[{"href":"https:\/\/blogs.fu-berlin.de\/bibliotheken\/wp-json\/wp\/v2\/posts"}],"about":[{"href":"https:\/\/blogs.fu-berlin.de\/bibliotheken\/wp-json\/wp\/v2\/types\/post"}],"author":[{"embeddable":true,"href":"https:\/\/blogs.fu-berlin.de\/bibliotheken\/wp-json\/wp\/v2\/users\/3230"}],"replies":[{"embeddable":true,"href":"https:\/\/blogs.fu-berlin.de\/bibliotheken\/wp-json\/wp\/v2\/comments?post=22466"}],"version-history":[{"count":5,"href":"https:\/\/blogs.fu-berlin.de\/bibliotheken\/wp-json\/wp\/v2\/posts\/22466\/revisions"}],"predecessor-version":[{"id":29364,"href":"https:\/\/blogs.fu-berlin.de\/bibliotheken\/wp-json\/wp\/v2\/posts\/22466\/revisions\/29364"}],"wp:attachment":[{"href":"https:\/\/blogs.fu-berlin.de\/bibliotheken\/wp-json\/wp\/v2\/media?parent=22466"}],"wp:term":[{"taxonomy":"category","embeddable":true,"href":"https:\/\/blogs.fu-berlin.de\/bibliotheken\/wp-json\/wp\/v2\/categories?post=22466"},{"taxonomy":"post_tag","embeddable":true,"href":"https:\/\/blogs.fu-berlin.de\/bibliotheken\/wp-json\/wp\/v2\/tags?post=22466"}],"curies":[{"name":"wp","href":"https:\/\/api.w.org\/{rel}","templated":true}]}}