{"id":22510,"date":"2018-02-12T08:00:42","date_gmt":"2018-02-12T07:00:42","guid":{"rendered":"https:\/\/blogs.fu-berlin.de\/bibliotheken\/?p=22510"},"modified":"2021-09-14T10:35:43","modified_gmt":"2021-09-14T09:35:43","slug":"veranstaltung-zu-karrieremoeglichkeiten-bei-der-europaeischen-union-am-16-02-2018","status":"publish","type":"post","link":"https:\/\/blogs.fu-berlin.de\/bibliotheken\/2018\/02\/12\/veranstaltung-zu-karrieremoeglichkeiten-bei-der-europaeischen-union-am-16-02-2018\/","title":{"rendered":"Veranstaltung zu Karrierem\u00f6glichkeiten bei der Europ\u00e4ischen Union am 16.02.2018"},"content":{"rendered":"\n<p><em><span class=\"has-inline-color has-bright-red-color\">Der Betrieb des \u201eDokumentationszentrums UN \u2013 EU\u201c wird eingestellt. Die entsprechende Literatur bleibt im Bestand und ist weiterhin zug\u00e4nglich.<\/span><\/em><\/p>\n\n\n<p>Schon mal \u00fcber eine Karriere bei der Europ\u00e4ischen Union nachgedacht, aber an den un\u00fcbersichtlichen Karrierem\u00f6glichkeiten und Bewerbungsmodalit\u00e4ten gescheitert? Am 16.02.2018 informieren Sie die EU Careers Ambassadors der Humboldt-Universit\u00e4t zu Berlin und der Freien Universit\u00e4t Berlin \u00fcber eine berufliche Laufbahn und den Bewerbungsprozess bei der Europ\u00e4ischen Union.<\/p>\n<p>In 90 Minuten werden Ihnen von Joana In\u00eas Marta (HU Berlin), Vanessa Freund (FU Berlin) &amp; Fiona Merkl (Traineeship-Alumna) folgende Themen n\u00e4hergebracht: Welche Karrierem\u00f6glichkeiten gibt es in den EU-Institutionen? Wie l\u00e4uft der Auswahlprozess beim Europ\u00e4ischen Amt f\u00fcr Personalauswahl (EPSO) ab? Wie sieht es mit Praktika (Traineeships) aus? Welche Herausforderungen bringt die Arbeit in den EU-Institutionen mit sich?<\/p>\n<p>Die Veranstaltung findet bei ERLEBNIS EUROPA am Brandenburger Tor (in der Vertretung der Europ\u00e4ischen Kommission in Deutschland), Unter den Linden 78, 10117 Berlin statt. Melden Sie sich hier an: <a href=\"https:\/\/www.fu-berlin.de\/sites\/career\/veranstaltungen\/Veranstaltungen-zum-Berufseinstieg\/Career-Service-Veranstaltungen\/EU_Careers.html\">https:\/\/www.fu-berlin.de\/sites\/career\/veranstaltungen\/Veranstaltungen-zum-Berufseinstieg\/Career-Service-Veranstaltungen\/EU_Careers.html<\/a><\/p>\n<p>Wichtiger Hinweis: Bitte bringen Sie zur Veranstaltung unbedingt Ihren Personalausweis f\u00fcr die Einlasskontrolle mit.<\/p>\n<p>Noch mehr Informationen zur EU bekommen Sie in unserem <a href=\"https:\/\/www.ub.fu-berlin.de\/bibliothek\/uneu\/\">Dokumentationszentrum&nbsp;UN-EU<\/a>.<\/p>","protected":false},"excerpt":{"rendered":"<p>Der Betrieb des \u201eDokumentationszentrums UN \u2013 EU\u201c wird eingestellt. Die entsprechende Literatur bleibt im Bestand und ist weiterhin zug\u00e4nglich. Schon mal \u00fcber eine Karriere bei der Europ\u00e4ischen Union nachgedacht, aber an den un\u00fcbersichtlichen Karrierem\u00f6glichkeiten und Bewerbungsmodalit\u00e4ten gescheitert? Am 16.02.2018 informieren Sie die EU Careers Ambassadors der Humboldt-Universit\u00e4t zu Berlin und der Freien Universit\u00e4t Berlin \u00fcber &hellip; <a href=\"https:\/\/blogs.fu-berlin.de\/bibliotheken\/2018\/02\/12\/veranstaltung-zu-karrieremoeglichkeiten-bei-der-europaeischen-union-am-16-02-2018\/\" class=\"more-link\"><span class=\"screen-reader-text\">\u201eVeranstaltung zu Karrierem\u00f6glichkeiten bei der Europ\u00e4ischen Union am 16.02.2018\u201c<\/span> weiterlesen<\/a><\/p>\n","protected":false},"author":3230,"featured_media":0,"comment_status":"open","ping_status":"open","sticky":false,"template":"","format":"standard","meta":{"footnotes":""},"categories":[9],"tags":[2458,56945,1977,188000,2102],"class_list":["post-22510","post","type-post","status-publish","format-standard","hentry","category-allgemein","tag-dokumentationszentrum-un-eu","tag-europaeische-kommission","tag-europaische-union","tag-karriere","tag-veranstaltung"],"_links":{"self":[{"href":"https:\/\/blogs.fu-berlin.de\/bibliotheken\/wp-json\/wp\/v2\/posts\/22510","targetHints":{"allow":["GET"]}}],"collection":[{"href":"https:\/\/blogs.fu-berlin.de\/bibliotheken\/wp-json\/wp\/v2\/posts"}],"about":[{"href":"https:\/\/blogs.fu-berlin.de\/bibliotheken\/wp-json\/wp\/v2\/types\/post"}],"author":[{"embeddable":true,"href":"https:\/\/blogs.fu-berlin.de\/bibliotheken\/wp-json\/wp\/v2\/users\/3230"}],"replies":[{"embeddable":true,"href":"https:\/\/blogs.fu-berlin.de\/bibliotheken\/wp-json\/wp\/v2\/comments?post=22510"}],"version-history":[{"count":3,"href":"https:\/\/blogs.fu-berlin.de\/bibliotheken\/wp-json\/wp\/v2\/posts\/22510\/revisions"}],"predecessor-version":[{"id":29356,"href":"https:\/\/blogs.fu-berlin.de\/bibliotheken\/wp-json\/wp\/v2\/posts\/22510\/revisions\/29356"}],"wp:attachment":[{"href":"https:\/\/blogs.fu-berlin.de\/bibliotheken\/wp-json\/wp\/v2\/media?parent=22510"}],"wp:term":[{"taxonomy":"category","embeddable":true,"href":"https:\/\/blogs.fu-berlin.de\/bibliotheken\/wp-json\/wp\/v2\/categories?post=22510"},{"taxonomy":"post_tag","embeddable":true,"href":"https:\/\/blogs.fu-berlin.de\/bibliotheken\/wp-json\/wp\/v2\/tags?post=22510"}],"curies":[{"name":"wp","href":"https:\/\/api.w.org\/{rel}","templated":true}]}}