{"id":22515,"date":"2018-02-08T17:04:15","date_gmt":"2018-02-08T16:04:15","guid":{"rendered":"https:\/\/blogs.fu-berlin.de\/bibliotheken\/?p=22515"},"modified":"2018-03-23T11:55:50","modified_gmt":"2018-03-23T10:55:50","slug":"nominierungen-fuer-preis-der-leipziger-buchmesse-2018-bekanntgegeben","status":"publish","type":"post","link":"https:\/\/blogs.fu-berlin.de\/bibliotheken\/2018\/02\/08\/nominierungen-fuer-preis-der-leipziger-buchmesse-2018-bekanntgegeben\/","title":{"rendered":"Nominierungen f\u00fcr Preis der Leipziger Buchmesse 2018 bekanntgegeben"},"content":{"rendered":"<p><a href=\"http:\/\/www.leipziger-buchmesse.de\/\" rel=\"attachment wp-att-10657\"><img loading=\"lazy\" decoding=\"async\" class=\"alignright wp-image-10657 size-full\" title=\"leipzig\" src=\"https:\/\/blogs.fu-berlin.de\/bibliotheken\/files\/2012\/03\/leipzig.gif\" alt=\"\" width=\"64\" height=\"100\" align=\"right\" \/><\/a>In Leipzig f\u00e4ngt man zwar erst vom 15. bis 18. M\u00e4rz 2018 zu lesen an, wie uns der altbew\u00e4hrte Messe-Slogan wei\u00dfmachen will, doch schon heute sind die Nominierten f\u00fcr den <a href=\"http:\/\/www.leipziger-buchmesse.de\/\">Preis der diesj\u00e4hrigen Leipziger Buchmesse<\/a> in den drei Sparten Belletristik, Sachbuch\/Essayistik und \u00dcbersetzung bekanntgegeben worden. Einige Titel sind noch im Erscheinen begriffen, andere bereits in den FU-Bibliotheken als Printausgabe oder E-Book verf\u00fcgbar (Update: 12.02.18):<\/p>\n<p><strong>Belletristik<\/strong>:<\/p>\n<p>\u2022 Isabel Fargo Cole: &#8222;Die gr\u00fcne Grenze&#8220; (Edition Nautilus, September 2017) \u2013 <a href=\"https:\/\/primo.fu-berlin.de\/FUB:FUB_ALMA_DS21982284260002883\">Philologische Bibliothek<\/a><br \/>\n\u2022 Anja Kampmann: &#8222;Wie hoch die Wasser steigen&#8220; (Hanser, Januar 2018) \u2013 <a href=\"https:\/\/primo.fu-berlin.de\/FUB:FUB_ALMA_DS21988349000002883\">Philologische Bibliothek<\/a><br \/>\n\u2022 Esther Kinsky: &#8222;Hain: Gel\u00e4nderoman\u201c (Suhrkamp, Februar 2018) \u2013 <a href=\"https:\/\/primo.fu-berlin.de\/FUB:FUB_ALMA_DS21983315730002883\">Philologische Bibliothek\/Universit\u00e4tsbibliothek<\/a><br \/>\n\u2022 Georg Klein: &#8222;Miakro&#8220; (Rowohlt, M\u00e4rz 2018) \u2013 <a href=\"https:\/\/primo.fu-berlin.de\/FUB:FUB_ALMA_DS21988639130002883\">Philologische Bibliothek<\/a><br \/>\n\u2022 Matthias Senkel: &#8222;Dunkle Zahlen&#8220; (Matthes &amp; Seitz, Februar 2018) \u2013 <a href=\"https:\/\/primo.fu-berlin.de\/FUB:FUB_ALMA_DS21988643410002883\">Philologische Bibliothek\/Univesit\u00e4tsbibliothek<\/a><\/p>\n<p><strong>Sachbuch\/Essayistik<\/strong>:<\/p>\n<p>\u2022 Martin Geck: &#8222;Beethoven. Der Sch\u00f6pfer und sein Universum&#8220; (Siedler, September 2017)<br \/>\n\u2022 Gerd Koenen: &#8222;Die Farbe Rot. Urspr\u00fcnge und Geschichte des Kommunismus&#8220; (C. H. Beck, November 2017) \u2013 <a href=\"https:\/\/elibrary.chbeck.de\/10.17104\/9783406714276\/die-farbe-rot\">E-Book-Version<\/a> \/ <a href=\"https:\/\/primo.fu-berlin.de\/FUB:FUB_ALMA_DS21980676510002883\">Printausgabe in der UB vormerkbar<\/a><br \/>\n\u2022 Andreas Reckwitz: &#8222;Die Gesellschaft der Singularit\u00e4ten. Zum Strukturwandel der Moderne&#8220; (Suhrkamp, Oktober 2017) \u2013 <a href=\"https:\/\/primo.fu-berlin.de\/FUB:FUB_ALMA_DS21980484580002883\">UB, Philologische Bibliothek vormerkbar \/ Campusbibliothek auf Anfrage<\/a><br \/>\n\u2022 Bernd Roeck: &#8222;Der Morgen der Welt. Geschichte der Renaissance&#8220; (Historische Bibliothek der Gerda Henkel Stiftung, C. H. Beck, Januar 2018) \u2013 <a href=\"https:\/\/elibrary.chbeck.de\/10.17104\/9783406698774\/der-morgen-der-welt\">E-Book-Version<\/a> \/ <a href=\"https:\/\/primo.fu-berlin.de\/FUB:FUB_ALMA_DS21976992190002883\">Printausgabe in Geschichte\/FMI bzw. Kunstgeschichte\/KHI vormerkbar<\/a><br \/>\n\u2022 Karl Schl\u00f6gel: &#8222;Das sowjetische Jahrhundert. Arch\u00e4ologie einer untergegangenen Welt&#8220; (Edition der Carl Friedrich von Siemens Stiftung, C. H. Beck, Januar 2018) \u2013 <a href=\"https:\/\/elibrary.chbeck.de\/10.17104\/9783406715129\/\">E-Book-Version<\/a> \/ <a href=\"https:\/\/primo.fu-berlin.de\/FUB:FUB_ALMA_DS21982085630002883\">Printausgabe in der UB\/Sozialwissenschaftlichen Bibliothek vormerkbar<\/a><\/p>\n<p><strong>\u00dcbersetzung<\/strong>:<\/p>\n<p>\u2022 Robin Detje, f\u00fcr die \u00dcbersetzung von Joshua Cohens Roman &#8222;Buch der Zahlen&#8220; aus dem amerikanischen Englisch (Sch\u00f6ffling, Januar 2018)<br \/>\n\u2022 Olga Radetzkaja, f\u00fcr die \u00dcbersetzung von Viktor Schklowskijs &#8222;Sentimentale Reise&#8220; aus dem Russischen (Die Andere Bibliothek, Juni 2017) \u2013 <a href=\"https:\/\/primo.fu-berlin.de\/FUB:FUB_ALMA_DS21976623270002883\">Printausgabe in der Philologischen Bibliothek vormerkbar<\/a><br \/>\n\u2022 Sabine St\u00f6hr und Juri Durkot, f\u00fcr die \u00dcbersetzung von Serhij Zhadans Roman &#8222;Internat&#8220; aus dem Ukrainischen (Suhrkamp, M\u00e4rz 2018) &#8211; <a href=\"https:\/\/fu-berlin.hosted.exlibrisgroup.com\/primo-explore\/fulldisplay?docid=FUB_ALMA_DS21991965810002883&amp;context=L&amp;vid=FUB&amp;search_scope=FUB_Blended_2&amp;tab=fub&amp;lang=de_DE\">Printausgabe in der Philologischen Bibliothek vormerkbar<\/a><br \/>\n\u2022 Michael Walter, f\u00fcr die \u00dcbersetzung der &#8222;Werksausgabe&#8220; in drei B\u00e4nden von Laurence Sterne aus dem Englischen (Galiani, M\u00e4rz 2018) &#8211; <a href=\"https:\/\/fu-berlin.hosted.exlibrisgroup.com\/primo-explore\/fulldisplay?docid=FUB_ALMA_DS71991857120002883&amp;context=L&amp;vid=FUB&amp;search_scope=FUBkat&amp;tab=fub_local&amp;lang=de_DE\">Philologische Bibliothek<\/a> (in Bearbeitung)<br \/>\n\u2022 Ernest Wichner, f\u00fcr die \u00dcbersetzung von Catalin Mihuleacs Roman &#8222;Oxenberg und Bernstein&#8220; aus dem Rum\u00e4nischen (Paul Zsolnay Verlag, Januar 2018)<\/p>\n<p>Die siebenk\u00f6pfige Jury um Kristina Maidt-Zinke sichtete <a href=\"http:\/\/www.leipziger-buchmesse.de\/neuigkeiten\/403-bewerbungen-fuer-den-preis-der-leipziger-buchmesse-2018\/723215\">laut Pressemeldung<\/a> insgesamt 403 eingereichte Titel von 132 Verlagen. Der Preis wird traditionell zu Beginn der Buchmesse in der Glashalle vergeben. Die Auszeichnung ist mit insgesamt 60.000 Euro dotiert, aber auch ein schlechtes Stimmungsbarometer f\u00fcr den im Herbst auf der Frankfurter Buchmesse vergebenen <a href=\"https:\/\/www.deutscher-buchpreis.de\/\">Deutschen Buchpreis<\/a>. Bis jetzt konnte keine Romanautorin oder -autor beide Preise gewinnen.<\/p>\n","protected":false},"excerpt":{"rendered":"<p>In Leipzig f\u00e4ngt man zwar erst vom 15. bis 18. M\u00e4rz 2018 zu lesen an, wie uns der altbew\u00e4hrte Messe-Slogan wei\u00dfmachen will, doch schon heute sind die Nominierten f\u00fcr den Preis der diesj\u00e4hrigen Leipziger Buchmesse in den drei Sparten Belletristik, Sachbuch\/Essayistik und \u00dcbersetzung bekanntgegeben worden. Einige Titel sind noch im Erscheinen begriffen, andere bereits in &hellip; <a href=\"https:\/\/blogs.fu-berlin.de\/bibliotheken\/2018\/02\/08\/nominierungen-fuer-preis-der-leipziger-buchmesse-2018-bekanntgegeben\/\" class=\"more-link\"><span class=\"screen-reader-text\">\u201eNominierungen f\u00fcr Preis der Leipziger Buchmesse 2018 bekanntgegeben\u201c<\/span> weiterlesen<\/a><\/p>\n","protected":false},"author":293,"featured_media":0,"comment_status":"open","ping_status":"open","sticky":false,"template":"","format":"standard","meta":{"footnotes":""},"categories":[9,604,492],"tags":[188009],"class_list":["post-22515","post","type-post","status-publish","format-standard","hentry","category-allgemein","category-ins-netz-geschaut","category-literaturtipps","tag-preis-der-leipziger-buchmesse"],"_links":{"self":[{"href":"https:\/\/blogs.fu-berlin.de\/bibliotheken\/wp-json\/wp\/v2\/posts\/22515","targetHints":{"allow":["GET"]}}],"collection":[{"href":"https:\/\/blogs.fu-berlin.de\/bibliotheken\/wp-json\/wp\/v2\/posts"}],"about":[{"href":"https:\/\/blogs.fu-berlin.de\/bibliotheken\/wp-json\/wp\/v2\/types\/post"}],"author":[{"embeddable":true,"href":"https:\/\/blogs.fu-berlin.de\/bibliotheken\/wp-json\/wp\/v2\/users\/293"}],"replies":[{"embeddable":true,"href":"https:\/\/blogs.fu-berlin.de\/bibliotheken\/wp-json\/wp\/v2\/comments?post=22515"}],"version-history":[{"count":8,"href":"https:\/\/blogs.fu-berlin.de\/bibliotheken\/wp-json\/wp\/v2\/posts\/22515\/revisions"}],"predecessor-version":[{"id":22759,"href":"https:\/\/blogs.fu-berlin.de\/bibliotheken\/wp-json\/wp\/v2\/posts\/22515\/revisions\/22759"}],"wp:attachment":[{"href":"https:\/\/blogs.fu-berlin.de\/bibliotheken\/wp-json\/wp\/v2\/media?parent=22515"}],"wp:term":[{"taxonomy":"category","embeddable":true,"href":"https:\/\/blogs.fu-berlin.de\/bibliotheken\/wp-json\/wp\/v2\/categories?post=22515"},{"taxonomy":"post_tag","embeddable":true,"href":"https:\/\/blogs.fu-berlin.de\/bibliotheken\/wp-json\/wp\/v2\/tags?post=22515"}],"curies":[{"name":"wp","href":"https:\/\/api.w.org\/{rel}","templated":true}]}}