{"id":22547,"date":"2018-02-22T10:56:53","date_gmt":"2018-02-22T09:56:53","guid":{"rendered":"https:\/\/blogs.fu-berlin.de\/bibliotheken\/?p=22547"},"modified":"2021-09-14T10:35:00","modified_gmt":"2021-09-14T09:35:00","slug":"new-narrative-for-europe","status":"publish","type":"post","link":"https:\/\/blogs.fu-berlin.de\/bibliotheken\/2018\/02\/22\/new-narrative-for-europe\/","title":{"rendered":"New Narrative for Europe"},"content":{"rendered":"\n<p><em><span class=\"has-inline-color has-bright-red-color\">Der Betrieb des \u201eDokumentationszentrums UN \u2013 EU\u201c wird eingestellt. Die entsprechende Literatur bleibt im Bestand und ist weiterhin zug\u00e4nglich.<\/span><\/em><\/p>\n\n\n<p><figure id=\"attachment_22549\" aria-describedby=\"caption-attachment-22549\" style=\"width: 300px\" class=\"wp-caption alignright\"><img loading=\"lazy\" decoding=\"async\" class=\"wp-image-22549 size-medium\" src=\"https:\/\/blogs.fu-berlin.de\/bibliotheken\/files\/2018\/02\/feature-of-europe-300x300.png\" alt=\"\" width=\"300\" height=\"300\" srcset=\"https:\/\/blogs.fu-berlin.de\/bibliotheken\/files\/2018\/02\/feature-of-europe-300x300.png 300w, https:\/\/blogs.fu-berlin.de\/bibliotheken\/files\/2018\/02\/feature-of-europe-150x150.png 150w, https:\/\/blogs.fu-berlin.de\/bibliotheken\/files\/2018\/02\/feature-of-europe.png 572w\" sizes=\"auto, (max-width: 300px) 85vw, 300px\" \/><figcaption id=\"caption-attachment-22549\" class=\"wp-caption-text\">https:\/\/ednetwork.ec.europa.eu\/system\/files\/blog-posts\/images\/feature-of-europe.PNG<\/figcaption><\/figure><\/p>\n<p>Bereits im Oktober 2017 kamen in Leuven (Belgien) rund 100 junge Menschen aus Europa zusammen, um zu diskutieren wie sie Europa wahrnehmen und welche Vorstellungen Sie f\u00fcr ein &#8222;Leitbild f\u00fcr Europa&#8220; haben. Unter Ihnen Vertreter aus Jugendorganisationen und Bildungseinrichtungen aus ganz Europa.<\/p>\n<p>Am 31. Januar 2018 wurde die <a href=\"https:\/\/europa.eu\/youth\/sites\/default\/files\/nnfe-outcomes_de.pdf\">YOUrope for Youth Declaration<\/a> im Rahmen der <a href=\"https:\/\/europa.eu\/youth\/have-your-say\/new-narrative-for-europe_en\">Abschlussveranstaltung New Narrative for Europe (NNfE)<\/a> unterzeichnet.<\/p>\n<p>Die YOUrope for Youth Declaration hat 4 Hauptthemen: Freiz\u00fcgigkeit und Sicherheit, b\u00fcrgerschaftliches Engagement, Besch\u00e4ftigung und gr\u00fcner Planet Europa. Sie ist in allen 24 EU-Sprachen abrufbar.<\/p>\n<p>Nun gilt es, die Deklaration mit Leben zu f\u00fcllen!<\/p>\n<p>Noch mehr Informationen zur EU bekommen Sie in unserem <a href=\"https:\/\/www.ub.fu-berlin.de\/bibliothek\/uneu\/\">Dokumentationszentrum UN-EU<\/a>.<\/p>\n<p>&nbsp;<\/p>","protected":false},"excerpt":{"rendered":"<p>Der Betrieb des \u201eDokumentationszentrums UN \u2013 EU\u201c wird eingestellt. Die entsprechende Literatur bleibt im Bestand und ist weiterhin zug\u00e4nglich. Bereits im Oktober 2017 kamen in Leuven (Belgien) rund 100 junge Menschen aus Europa zusammen, um zu diskutieren wie sie Europa wahrnehmen und welche Vorstellungen Sie f\u00fcr ein &#8222;Leitbild f\u00fcr Europa&#8220; haben. Unter Ihnen Vertreter aus &hellip; <a href=\"https:\/\/blogs.fu-berlin.de\/bibliotheken\/2018\/02\/22\/new-narrative-for-europe\/\" class=\"more-link\"><span class=\"screen-reader-text\">\u201eNew Narrative for Europe\u201c<\/span> weiterlesen<\/a><\/p>\n","protected":false},"author":2907,"featured_media":0,"comment_status":"open","ping_status":"open","sticky":false,"template":"","format":"standard","meta":{"footnotes":""},"categories":[9],"tags":[2458,935,196732,196733],"class_list":["post-22547","post","type-post","status-publish","format-standard","hentry","category-allgemein","tag-dokumentationszentrum-un-eu","tag-europa","tag-new-narrative-for-europe","tag-yourope-for-youth-declaration"],"_links":{"self":[{"href":"https:\/\/blogs.fu-berlin.de\/bibliotheken\/wp-json\/wp\/v2\/posts\/22547","targetHints":{"allow":["GET"]}}],"collection":[{"href":"https:\/\/blogs.fu-berlin.de\/bibliotheken\/wp-json\/wp\/v2\/posts"}],"about":[{"href":"https:\/\/blogs.fu-berlin.de\/bibliotheken\/wp-json\/wp\/v2\/types\/post"}],"author":[{"embeddable":true,"href":"https:\/\/blogs.fu-berlin.de\/bibliotheken\/wp-json\/wp\/v2\/users\/2907"}],"replies":[{"embeddable":true,"href":"https:\/\/blogs.fu-berlin.de\/bibliotheken\/wp-json\/wp\/v2\/comments?post=22547"}],"version-history":[{"count":7,"href":"https:\/\/blogs.fu-berlin.de\/bibliotheken\/wp-json\/wp\/v2\/posts\/22547\/revisions"}],"predecessor-version":[{"id":29352,"href":"https:\/\/blogs.fu-berlin.de\/bibliotheken\/wp-json\/wp\/v2\/posts\/22547\/revisions\/29352"}],"wp:attachment":[{"href":"https:\/\/blogs.fu-berlin.de\/bibliotheken\/wp-json\/wp\/v2\/media?parent=22547"}],"wp:term":[{"taxonomy":"category","embeddable":true,"href":"https:\/\/blogs.fu-berlin.de\/bibliotheken\/wp-json\/wp\/v2\/categories?post=22547"},{"taxonomy":"post_tag","embeddable":true,"href":"https:\/\/blogs.fu-berlin.de\/bibliotheken\/wp-json\/wp\/v2\/tags?post=22547"}],"curies":[{"name":"wp","href":"https:\/\/api.w.org\/{rel}","templated":true}]}}