{"id":2263,"date":"2009-08-03T09:44:45","date_gmt":"2009-08-03T08:44:45","guid":{"rendered":"https:\/\/blogs.fu-berlin.de\/bibliotheken\/?p=2263"},"modified":"2009-08-04T08:19:19","modified_gmt":"2009-08-04T07:19:19","slug":"zettelkatalog-der-bibliothek-des-bgbm-steht-ab-5-august-fur-einige-wochen-nicht-zur-verfugung","status":"publish","type":"post","link":"https:\/\/blogs.fu-berlin.de\/bibliotheken\/2009\/08\/03\/zettelkatalog-der-bibliothek-des-bgbm-steht-ab-5-august-fur-einige-wochen-nicht-zur-verfugung\/","title":{"rendered":"Zettelkatalog der Bibliothek des BGBM steht ab 5. August f\u00fcr einige Wochen nicht zur Verf\u00fcgung"},"content":{"rendered":"<p>Der Zettelkatalog der Bibliothek des Botanischen Gartens und Botanischen Museums wird in einen Image-Katalog \u00fcberf\u00fchrt und steht demn\u00e4chst wie schon viele andere Altbestandskataloge von FU-Fachbibliotheken im Internet zur ortsunabh\u00e4ngigen Recherche zur Verf\u00fcgung (vgl. auch: <a href=\"https:\/\/blogs.fu-berlin.de\/bibliotheken\/2009\/02\/25\/zettelkataloge-im-internetzeitalter\/\">Posting vom 25. Februar 2009<\/a>). <\/p>\n<p>Zur Durchf\u00fchrung der vorbereitenden Arbeiten muss der Katalog allerdings au\u00dfer Haus gegeben werden. Deshalb k\u00f6nnen ab dem 5. August f\u00fcr vier Wochen keine Recherchen in dem Altbestandskatalog durchgef\u00fchrt werden. Bis er als Image-Katalog im Netz zur Verf\u00fcgung steht, wird es aufgrund der erforderlichen Anschlussarbeiten ungef\u00e4hr noch weitere vier Wochen dauern.<\/p>\n<h6>Dank f\u00fcr dieses Posting an Petra Buchholz, Bibliothekarin am BGBM.<\/h6>\n","protected":false},"excerpt":{"rendered":"<p>Der Zettelkatalog der Bibliothek des Botanischen Gartens und Botanischen Museums wird in einen Image-Katalog \u00fcberf\u00fchrt und steht demn\u00e4chst wie schon viele andere Altbestandskataloge von FU-Fachbibliotheken im Internet zur ortsunabh\u00e4ngigen Recherche zur Verf\u00fcgung (vgl. auch: Posting vom 25. Februar 2009). Zur Durchf\u00fchrung der vorbereitenden Arbeiten muss der Katalog allerdings au\u00dfer Haus gegeben werden. Deshalb k\u00f6nnen ab &hellip; <a href=\"https:\/\/blogs.fu-berlin.de\/bibliotheken\/2009\/08\/03\/zettelkatalog-der-bibliothek-des-bgbm-steht-ab-5-august-fur-einige-wochen-nicht-zur-verfugung\/\" class=\"more-link\"><span class=\"screen-reader-text\">\u201eZettelkatalog der Bibliothek des BGBM steht ab 5. August f\u00fcr einige Wochen nicht zur Verf\u00fcgung\u201c<\/span> weiterlesen<\/a><\/p>\n","protected":false},"author":265,"featured_media":0,"comment_status":"open","ping_status":"open","sticky":false,"template":"","format":"standard","meta":{"footnotes":""},"categories":[600],"tags":[638,636,455],"class_list":["post-2263","post","type-post","status-publish","format-standard","hentry","category-fachbibliotheken","tag-bgbm","tag-botanischer-garten","tag-image-kataloge"],"_links":{"self":[{"href":"https:\/\/blogs.fu-berlin.de\/bibliotheken\/wp-json\/wp\/v2\/posts\/2263","targetHints":{"allow":["GET"]}}],"collection":[{"href":"https:\/\/blogs.fu-berlin.de\/bibliotheken\/wp-json\/wp\/v2\/posts"}],"about":[{"href":"https:\/\/blogs.fu-berlin.de\/bibliotheken\/wp-json\/wp\/v2\/types\/post"}],"author":[{"embeddable":true,"href":"https:\/\/blogs.fu-berlin.de\/bibliotheken\/wp-json\/wp\/v2\/users\/265"}],"replies":[{"embeddable":true,"href":"https:\/\/blogs.fu-berlin.de\/bibliotheken\/wp-json\/wp\/v2\/comments?post=2263"}],"version-history":[{"count":8,"href":"https:\/\/blogs.fu-berlin.de\/bibliotheken\/wp-json\/wp\/v2\/posts\/2263\/revisions"}],"predecessor-version":[{"id":2283,"href":"https:\/\/blogs.fu-berlin.de\/bibliotheken\/wp-json\/wp\/v2\/posts\/2263\/revisions\/2283"}],"wp:attachment":[{"href":"https:\/\/blogs.fu-berlin.de\/bibliotheken\/wp-json\/wp\/v2\/media?parent=2263"}],"wp:term":[{"taxonomy":"category","embeddable":true,"href":"https:\/\/blogs.fu-berlin.de\/bibliotheken\/wp-json\/wp\/v2\/categories?post=2263"},{"taxonomy":"post_tag","embeddable":true,"href":"https:\/\/blogs.fu-berlin.de\/bibliotheken\/wp-json\/wp\/v2\/tags?post=2263"}],"curies":[{"name":"wp","href":"https:\/\/api.w.org\/{rel}","templated":true}]}}