{"id":22667,"date":"2018-03-08T08:56:48","date_gmt":"2018-03-08T07:56:48","guid":{"rendered":"https:\/\/blogs.fu-berlin.de\/bibliotheken\/?p=22667"},"modified":"2021-09-16T13:49:33","modified_gmt":"2021-09-16T12:49:33","slug":"8-maerz-2018-internationaler-frauentag-weltfrauentag","status":"publish","type":"post","link":"https:\/\/blogs.fu-berlin.de\/bibliotheken\/2018\/03\/08\/8-maerz-2018-internationaler-frauentag-weltfrauentag\/","title":{"rendered":"8. M\u00e4rz 2018 &#8211; Internationaler Frauentag \/ Weltfrauentag"},"content":{"rendered":"\n<p><em><span class=\"has-inline-color has-bright-red-color\">Der Betrieb des \u201eDokumentationszentrums UN \u2013 EU\u201c wird eingestellt. Die entsprechende Literatur bleibt im Bestand und ist weiterhin zug\u00e4nglich.<\/span><\/em><\/p>\n\n\n<p>Heute ist Weltfrauentag! Bereits seit \u00fcber hundert Jahren wird der Frauentag gefeiert. Erstmals in den USA am 28. Februar 1909 begangen, folgten Teile Europas bald dem amerikanischen Beispiel. Am 19.&nbsp;M\u00e4rz 1911 gab es den ersten Frauentag in D\u00e4nemark, Deutschland, \u00d6sterreich-Ungarn und der Schweiz. Nach Unterbrechungen und verschiedenen Datums\u00e4nderungen, wurde der 8. M\u00e4rz Mitte der 90er Jahre in Deutschland als fester Frauentag etabliert.<\/p>\n<p>Die Vereinten Nationen und der Weltfrauentag haben eine gemeinsame Vergangenheit \u2013 im internationalen Jahr der Frau (1975), richteten die Vereinten Nationen erstmals am 8. M\u00e4rz eine Feier aus. Am 16. M\u00e4rz 1977 verabschiedete die UN-Generalversammlung eine UN-Resolution, die alle Staaten darum bat, einen Tag des Jahres zum <em>Tag der Vereinten Nationen f\u00fcr die Rechte der Frau und den Weltfrieden<\/em> zu erkl\u00e4ren.<\/p>\n<p>In diesem Jahr folgt der Internationale Frauentag einer beispiellosen weltweiten Bewegung f\u00fcr Frauenrechte, Gleichberechtigung und Gerechtigkeit. Der Weltfrauentag ist auch eine Gelegenheit, \u00fcber die erzielten Fortschritte nachzudenken, zu Ver\u00e4nderungen aufzurufen und Mut und Entschlossenheit der Frauen zu feiern, die in der Geschichte ihrer L\u00e4nder und Gemeinschaften eine au\u00dferordentliche Rolle gespielt haben. Als eines der Ziele f\u00fcr nachhaltige Entwicklung (Ziel 5 &#8211; Gleichstellung der Geschlechter und St\u00e4rkung aller Frauen und M\u00e4dchen) sind die Vereinten Nationen besonders bestrebt, eine integrative und qualitativ hochwertige Bildung f\u00fcr alle zu gew\u00e4hrleisten.<\/p>\n<p>Das Motto der Vereinten Nationen zum diesj\u00e4hrigen Frauentag lautet: &#8222;<a href=\"http:\/\/www.un.org\/en\/events\/womensday\/\">TIME IS NOW: Rural and urban activists transforming women\u2019s lives<\/a>&#8222;.<\/p>\n<p>Im Europ\u00e4ischen Parlament wird zum Weltfrauentag 2018 der Fokus auf die Frau im digitalen Zeitalter gelegt &#8211; mit dem Thema &#8222;<span class=\"ep_name\"><a href=\"http:\/\/www.europarl.europa.eu\/news\/de\/headlines\/society\/20180301STO98902\/weltfrauentag-2018-frauen-in-medien-und-ikt\">Frauen in Medien und IKT<\/a>&#8222;.&nbsp;<\/span>Um mehr Bewusstsein f\u00fcr diese Thematik zu schaffen, veranstaltet der Ausschuss f\u00fcr die Rechte der Frau und die Gleichstellung der Geschlechter eine interparlamentarische Ausschusssitzung. Im Zentrum stehen dabei die folgenden Themen:<\/p>\n<ul>\n<li>Frauen gestalten Medien<\/li>\n<li>St\u00e4rkung von Frauen und M\u00e4dchen durch digitale Integration<\/li>\n<li>Frauenbewegungen auf dem Vormarsch: F\u00f6rderung der Gleichstellung im digitalen Zeitalter.<\/li>\n<\/ul>\n<p>Noch mehr Informationen zur UN und EU bekommen Sie in unserem <a href=\"https:\/\/www.ub.fu-berlin.de\/bibliothek\/uneu\/\">Dokumentationszentrum UN-EU<\/a>.<\/p>","protected":false},"excerpt":{"rendered":"<p>Der Betrieb des \u201eDokumentationszentrums UN \u2013 EU\u201c wird eingestellt. Die entsprechende Literatur bleibt im Bestand und ist weiterhin zug\u00e4nglich. Heute ist Weltfrauentag! Bereits seit \u00fcber hundert Jahren wird der Frauentag gefeiert. Erstmals in den USA am 28. Februar 1909 begangen, folgten Teile Europas bald dem amerikanischen Beispiel. Am 19.&nbsp;M\u00e4rz 1911 gab es den ersten Frauentag &hellip; <a href=\"https:\/\/blogs.fu-berlin.de\/bibliotheken\/2018\/03\/08\/8-maerz-2018-internationaler-frauentag-weltfrauentag\/\" class=\"more-link\"><span class=\"screen-reader-text\">\u201e8. M\u00e4rz 2018 &#8211; Internationaler Frauentag \/ Weltfrauentag\u201c<\/span> weiterlesen<\/a><\/p>\n","protected":false},"author":3230,"featured_media":0,"comment_status":"open","ping_status":"open","sticky":false,"template":"","format":"standard","meta":{"footnotes":""},"categories":[9],"tags":[2458,187994,187995,527,12086,187996],"class_list":["post-22667","post","type-post","status-publish","format-standard","hentry","category-allgemein","tag-dokumentationszentrum-un-eu","tag-frauentag","tag-internationaler-frauentag","tag-usa","tag-vereinte-nationen","tag-weltfrauentag"],"_links":{"self":[{"href":"https:\/\/blogs.fu-berlin.de\/bibliotheken\/wp-json\/wp\/v2\/posts\/22667","targetHints":{"allow":["GET"]}}],"collection":[{"href":"https:\/\/blogs.fu-berlin.de\/bibliotheken\/wp-json\/wp\/v2\/posts"}],"about":[{"href":"https:\/\/blogs.fu-berlin.de\/bibliotheken\/wp-json\/wp\/v2\/types\/post"}],"author":[{"embeddable":true,"href":"https:\/\/blogs.fu-berlin.de\/bibliotheken\/wp-json\/wp\/v2\/users\/3230"}],"replies":[{"embeddable":true,"href":"https:\/\/blogs.fu-berlin.de\/bibliotheken\/wp-json\/wp\/v2\/comments?post=22667"}],"version-history":[{"count":6,"href":"https:\/\/blogs.fu-berlin.de\/bibliotheken\/wp-json\/wp\/v2\/posts\/22667\/revisions"}],"predecessor-version":[{"id":29661,"href":"https:\/\/blogs.fu-berlin.de\/bibliotheken\/wp-json\/wp\/v2\/posts\/22667\/revisions\/29661"}],"wp:attachment":[{"href":"https:\/\/blogs.fu-berlin.de\/bibliotheken\/wp-json\/wp\/v2\/media?parent=22667"}],"wp:term":[{"taxonomy":"category","embeddable":true,"href":"https:\/\/blogs.fu-berlin.de\/bibliotheken\/wp-json\/wp\/v2\/categories?post=22667"},{"taxonomy":"post_tag","embeddable":true,"href":"https:\/\/blogs.fu-berlin.de\/bibliotheken\/wp-json\/wp\/v2\/tags?post=22667"}],"curies":[{"name":"wp","href":"https:\/\/api.w.org\/{rel}","templated":true}]}}