{"id":22691,"date":"2018-03-22T07:33:18","date_gmt":"2018-03-22T06:33:18","guid":{"rendered":"https:\/\/blogs.fu-berlin.de\/bibliotheken\/?p=22691"},"modified":"2021-09-16T13:49:15","modified_gmt":"2021-09-16T12:49:15","slug":"weltwassertag-2018","status":"publish","type":"post","link":"https:\/\/blogs.fu-berlin.de\/bibliotheken\/2018\/03\/22\/weltwassertag-2018\/","title":{"rendered":"Weltwassertag 2018"},"content":{"rendered":"\n<p><em><span class=\"has-inline-color has-bright-red-color\">Der Betrieb des \u201eDokumentationszentrums UN \u2013 EU\u201c wird eingestellt. Die entsprechende Literatur bleibt im Bestand und ist weiterhin zug\u00e4nglich.<\/span><\/em><\/p>\n\n\n<p><figure id=\"attachment_22703\" aria-describedby=\"caption-attachment-22703\" style=\"width: 300px\" class=\"wp-caption alignright\"><img loading=\"lazy\" decoding=\"async\" class=\"size-medium wp-image-22703\" src=\"https:\/\/blogs.fu-berlin.de\/bibliotheken\/files\/2018\/03\/pexels-photo-346529-300x200.jpeg\" alt=\"\" width=\"300\" height=\"200\" srcset=\"https:\/\/blogs.fu-berlin.de\/bibliotheken\/files\/2018\/03\/pexels-photo-346529-300x200.jpeg 300w, https:\/\/blogs.fu-berlin.de\/bibliotheken\/files\/2018\/03\/pexels-photo-346529-1200x800.jpeg 1200w\" sizes=\"auto, (max-width: 300px) 85vw, 300px\" \/><figcaption id=\"caption-attachment-22703\" class=\"wp-caption-text\">Quelle: pexels.com &#8211; CC0 License<\/figcaption><\/figure><\/p>\n<p>Heute ist <a href=\"http:\/\/worldwaterday.org\/\">Weltwassertag<\/a>! Die Vereinten Nationen w\u00e4hlen f\u00fcr jedes Jahr ein Thema aus \u2013 im Jahr 2018 hei\u00dft es &#8222;Wasser und Natur&#8220;. Im Vordergrund steht die Fragestellung, wie wir die Natur nutzen k\u00f6nnen, um die Wasserprobleme des 21. Jahrhunderts zu bew\u00e4ltigen.<\/p>\n<p>Der Tag lenkt die Aufmerksamkeit auf die Bedeutung des universellen Zugangs zu sauberem Wasser, sanit\u00e4ren Einrichtungen und Hygieneeinrichtungen in Entwicklungsl\u00e4ndern. Im Mittelpunkt des Tages steht auch das Eintreten f\u00fcr eine nachhaltige Bewirtschaftung der S\u00fc\u00dfwasserressourcen. Die Vereinten Nationen haben <a href=\"https:\/\/17ziele.de\/\">17 Ziele f\u00fcr nachhaltige Entwicklung<\/a> verabschiedet &#8211; unter anderem Ziel 6: Verf\u00fcgbarkeit und nachhaltige Bewirtschaftung von Wasser und Sanit\u00e4rversorgung f\u00fcr alle gew\u00e4hrleisten. Durch den Weltwassertag wird der Fokus und das \u00f6ffentliche Bewusstsein auf Nachhaltigkeit gest\u00e4rkt.<\/p>\n<p>Der Weltwassertag wird von vielen Organisationen auf der ganzen Welt unterst\u00fctzt. Sie setzen sich f\u00fcr sauberes Wasser f\u00fcr Menschen und nachhaltige aquatische Lebensr\u00e4ume ein. Veranstaltungen wie Theater- und Musikfeiern, Bildungsveranstaltungen und Kampagnen, um Geld f\u00fcr den Zugang zu sauberem und erschwinglichem Wasser zu sammeln, finden weltweit am oder kurz vor dem 22. M\u00e4rz statt.<\/p>\n<p>Anbei noch ein Veranstaltungshinweis zum Weltwassertag 2018:<\/p>\n<p>Am Freitag, <strong>23. M\u00e4rz 2018<\/strong> um 19:30 Uhr im <a href=\"http:\/\/www.regenbogenkino.de\/\">Kino in der Regenbogenfabrik<\/a>, Lausitzer Stra\u00dfe 22, 10999 Berlin wird folgender Film gezeigt:<\/p>\n<p><strong>Bis zum letzten Tropfen. Europas geheimer Wasserkrieg.<\/strong><\/p>\n<p><em>W\u00e4hrend der Trend weltweit zu einer Rekommunalisierung der Trinkwasserversorgung und Abwasseraufbereitung geht, stehen die \u00f6ffentlichen Versorgungsunternehmen im krisengesch\u00fcttelten Europa unter zunehmendem Privatisierungsdruck. \u201eBis zum letzten Tropfen\u201c von Yorgos Avgeropoulos folgt der Spur des Geldes quer durch den europ\u00e4ischen Kontinent, enth\u00fcllt die Interessen der Unternehmen und offenbart den stillen Kampf um die \u00fcberlebenswichtigste Ressource \u00fcberhaupt. <\/em><br>\n<em> Ist Wasser Handelsware oder Menschenrecht?<\/em><\/p>\n<p>Noch mehr Informationen zur UN bekommen Sie in unserem <a href=\"https:\/\/www.fu-berlin.de\/sites\/ub\/ueber-uns\/un-eu\/index.html\">Dokumentationszentrum&nbsp;UN-EU<\/a>.<\/p>","protected":false},"excerpt":{"rendered":"<p>Der Betrieb des \u201eDokumentationszentrums UN \u2013 EU\u201c wird eingestellt. Die entsprechende Literatur bleibt im Bestand und ist weiterhin zug\u00e4nglich. Heute ist Weltwassertag! Die Vereinten Nationen w\u00e4hlen f\u00fcr jedes Jahr ein Thema aus \u2013 im Jahr 2018 hei\u00dft es &#8222;Wasser und Natur&#8220;. Im Vordergrund steht die Fragestellung, wie wir die Natur nutzen k\u00f6nnen, um die Wasserprobleme &hellip; <a href=\"https:\/\/blogs.fu-berlin.de\/bibliotheken\/2018\/03\/22\/weltwassertag-2018\/\" class=\"more-link\"><span class=\"screen-reader-text\">\u201eWeltwassertag 2018\u201c<\/span> weiterlesen<\/a><\/p>\n","protected":false},"author":3230,"featured_media":0,"comment_status":"open","ping_status":"open","sticky":false,"template":"","format":"standard","meta":{"footnotes":""},"categories":[9],"tags":[196703,2458,196747,652,12086,196748],"class_list":["post-22691","post","type-post","status-publish","format-standard","hentry","category-allgemein","tag-17-ziele-fuer-nachhaltige-entwicklung","tag-dokumentationszentrum-un-eu","tag-human-rights","tag-menschenrechte","tag-vereinte-nationen","tag-weltwassertag"],"_links":{"self":[{"href":"https:\/\/blogs.fu-berlin.de\/bibliotheken\/wp-json\/wp\/v2\/posts\/22691","targetHints":{"allow":["GET"]}}],"collection":[{"href":"https:\/\/blogs.fu-berlin.de\/bibliotheken\/wp-json\/wp\/v2\/posts"}],"about":[{"href":"https:\/\/blogs.fu-berlin.de\/bibliotheken\/wp-json\/wp\/v2\/types\/post"}],"author":[{"embeddable":true,"href":"https:\/\/blogs.fu-berlin.de\/bibliotheken\/wp-json\/wp\/v2\/users\/3230"}],"replies":[{"embeddable":true,"href":"https:\/\/blogs.fu-berlin.de\/bibliotheken\/wp-json\/wp\/v2\/comments?post=22691"}],"version-history":[{"count":7,"href":"https:\/\/blogs.fu-berlin.de\/bibliotheken\/wp-json\/wp\/v2\/posts\/22691\/revisions"}],"predecessor-version":[{"id":29659,"href":"https:\/\/blogs.fu-berlin.de\/bibliotheken\/wp-json\/wp\/v2\/posts\/22691\/revisions\/29659"}],"wp:attachment":[{"href":"https:\/\/blogs.fu-berlin.de\/bibliotheken\/wp-json\/wp\/v2\/media?parent=22691"}],"wp:term":[{"taxonomy":"category","embeddable":true,"href":"https:\/\/blogs.fu-berlin.de\/bibliotheken\/wp-json\/wp\/v2\/categories?post=22691"},{"taxonomy":"post_tag","embeddable":true,"href":"https:\/\/blogs.fu-berlin.de\/bibliotheken\/wp-json\/wp\/v2\/tags?post=22691"}],"curies":[{"name":"wp","href":"https:\/\/api.w.org\/{rel}","templated":true}]}}