{"id":22746,"date":"2018-03-29T10:21:20","date_gmt":"2018-03-29T09:21:20","guid":{"rendered":"https:\/\/blogs.fu-berlin.de\/bibliotheken\/?p=22746"},"modified":"2021-09-14T10:32:50","modified_gmt":"2021-09-14T09:32:50","slug":"die-spotlight-initiative-gewalt-gegen-frauen-und-maedchen-beseitigen","status":"publish","type":"post","link":"https:\/\/blogs.fu-berlin.de\/bibliotheken\/2018\/03\/29\/die-spotlight-initiative-gewalt-gegen-frauen-und-maedchen-beseitigen\/","title":{"rendered":"Die Spotlight-Initiative: Gewalt gegen Frauen und M\u00e4dchen beseitigen"},"content":{"rendered":"\n<p><em><span class=\"has-inline-color has-bright-red-color\">Der Betrieb des \u201eDokumentationszentrums UN \u2013 EU\u201c wird eingestellt. Die entsprechende Literatur bleibt im Bestand und ist weiterhin zug\u00e4nglich.<\/span><\/em><\/p>\n\n\n<p><span lang=\"de\">Die Europ\u00e4ische Union und die Vereinten Nationen starten eine neue, globale, mehrj\u00e4hrige Initiative zur Beseitigung aller Formen von Gewalt gegen Frauen und M\u00e4dchen (<a href=\"http:\/\/www.vawgresourceguide.org\/overview\">VAWG<\/a>) &#8211; die Spotlight-Initiative. <\/span><\/p>\n<p><span lang=\"de\">Die Initiative r\u00fcckt das Thema Gleichstellung der Geschlechter und&nbsp; St\u00e4rkung der Rolle der Frauen im Einklang mit der Agenda 2030 f\u00fcr nachhaltige Entwicklung in den Mittelpunkt ihrer Bem\u00fchungen:&nbsp; <a href=\"http:\/\/www.un.org\/en\/spotlight-initiative\/\">#SpotlightEndViolence<\/a><br>\n<\/span><\/p>\n<p><span lang=\"de\">Die Europ\u00e4ische Union wird den Hauptanteil der Anfangsinvestition von 500 Mio. Euro bereitstellen. Andere Geber und Partner werden eingeladen, sich der Initiative anzuschlie\u00dfen, um ihre Reichweite und ihren Umfang zu erweitern. Ein UN-Multi-Stakeholder-Treuhandfond wird mit Unterst\u00fctzung der Kernorganisationen <a href=\"http:\/\/www.undp.org\/content\/undp\/en\/home\/\">UNDP<\/a>, <a href=\"https:\/\/www.unfpa.org\/\">UNFPA<\/a> und <a href=\"http:\/\/www.unwomen.org\/en\">UN Women<\/a> verwaltet und vom <a href=\"https:\/\/www.un.org\/sg\/en\">Exekutivb\u00fcro des UN-Generalsekret\u00e4rs<\/a> \u00fcberwacht.<br>\n<\/span><\/p>\n<p><span lang=\"de\">Im Rahmen der Spotlight-Initiative wurde bereits die Kampagne <a href=\"http:\/\/herstoryourstory.net\/en\/\">#HerStoryOurStory<\/a> ins Leben gerufen, die darauf abzielt, das Bewusstsein f\u00fcr die Auswirkungen von Gewalt gegen Frauen und M\u00e4dchen zu sch\u00e4rfen. <\/span><span lang=\"de\">Ein breites internationales und lokales Publikum soll mit Hilfe eines webbasierten Videospiels dazu herausgefordert werden, zu \u00fcberlegen, wie sie reagieren w\u00fcrden, wenn sie mit einer schwierigen Situation konfrontiert werden.<br>\n<\/span><\/p>\n<p><span lang=\"de\">Noch mehr Informationen zur UN und EU bekommen Sie in unserem <a href=\"https:\/\/www.fu-berlin.de\/sites\/ub\/ueber-uns\/un-eu\/index.html\">Dokumentationszentrum&nbsp;UN-EU<\/a>.<\/span><\/p>","protected":false},"excerpt":{"rendered":"<p>Der Betrieb des \u201eDokumentationszentrums UN \u2013 EU\u201c wird eingestellt. Die entsprechende Literatur bleibt im Bestand und ist weiterhin zug\u00e4nglich. Die Europ\u00e4ische Union und die Vereinten Nationen starten eine neue, globale, mehrj\u00e4hrige Initiative zur Beseitigung aller Formen von Gewalt gegen Frauen und M\u00e4dchen (VAWG) &#8211; die Spotlight-Initiative. Die Initiative r\u00fcckt das Thema Gleichstellung der Geschlechter und&nbsp; &hellip; <a href=\"https:\/\/blogs.fu-berlin.de\/bibliotheken\/2018\/03\/29\/die-spotlight-initiative-gewalt-gegen-frauen-und-maedchen-beseitigen\/\" class=\"more-link\"><span class=\"screen-reader-text\">\u201eDie Spotlight-Initiative: Gewalt gegen Frauen und M\u00e4dchen beseitigen\u201c<\/span> weiterlesen<\/a><\/p>\n","protected":false},"author":2907,"featured_media":0,"comment_status":"open","ping_status":"open","sticky":false,"template":"","format":"standard","meta":{"footnotes":""},"categories":[9],"tags":[57496,1977,196753,196751,196756,196723,57479,196754,196755,196752,12086],"class_list":["post-22746","post","type-post","status-publish","format-standard","hentry","category-allgemein","tag-agenda-2030","tag-europaische-union","tag-herstoryourstory","tag-spotlight-initiative","tag-spotlightendviolence","tag-un-women","tag-un-generalsekretaer","tag-undp","tag-unfpa","tag-vawg","tag-vereinte-nationen"],"_links":{"self":[{"href":"https:\/\/blogs.fu-berlin.de\/bibliotheken\/wp-json\/wp\/v2\/posts\/22746","targetHints":{"allow":["GET"]}}],"collection":[{"href":"https:\/\/blogs.fu-berlin.de\/bibliotheken\/wp-json\/wp\/v2\/posts"}],"about":[{"href":"https:\/\/blogs.fu-berlin.de\/bibliotheken\/wp-json\/wp\/v2\/types\/post"}],"author":[{"embeddable":true,"href":"https:\/\/blogs.fu-berlin.de\/bibliotheken\/wp-json\/wp\/v2\/users\/2907"}],"replies":[{"embeddable":true,"href":"https:\/\/blogs.fu-berlin.de\/bibliotheken\/wp-json\/wp\/v2\/comments?post=22746"}],"version-history":[{"count":7,"href":"https:\/\/blogs.fu-berlin.de\/bibliotheken\/wp-json\/wp\/v2\/posts\/22746\/revisions"}],"predecessor-version":[{"id":29346,"href":"https:\/\/blogs.fu-berlin.de\/bibliotheken\/wp-json\/wp\/v2\/posts\/22746\/revisions\/29346"}],"wp:attachment":[{"href":"https:\/\/blogs.fu-berlin.de\/bibliotheken\/wp-json\/wp\/v2\/media?parent=22746"}],"wp:term":[{"taxonomy":"category","embeddable":true,"href":"https:\/\/blogs.fu-berlin.de\/bibliotheken\/wp-json\/wp\/v2\/categories?post=22746"},{"taxonomy":"post_tag","embeddable":true,"href":"https:\/\/blogs.fu-berlin.de\/bibliotheken\/wp-json\/wp\/v2\/tags?post=22746"}],"curies":[{"name":"wp","href":"https:\/\/api.w.org\/{rel}","templated":true}]}}