{"id":22747,"date":"2018-03-23T22:15:02","date_gmt":"2018-03-23T21:15:02","guid":{"rendered":"https:\/\/blogs.fu-berlin.de\/bibliotheken\/?p=22747"},"modified":"2018-03-23T11:58:22","modified_gmt":"2018-03-23T10:58:22","slug":"ungewoehnlichster-buchtitel-des-jahres-ausgezeichnet","status":"publish","type":"post","link":"https:\/\/blogs.fu-berlin.de\/bibliotheken\/2018\/03\/23\/ungewoehnlichster-buchtitel-des-jahres-ausgezeichnet\/","title":{"rendered":"Ungew\u00f6hnlichster Buchtitel des Jahres ausgezeichnet"},"content":{"rendered":"<p>Neben dem Preis der Leipziger Buchmesse an <a href=\"https:\/\/fu-berlin.hosted.exlibrisgroup.com\/primo-explore\/fulldisplay?docid=FUB_ALMA_DS21983315730002883&amp;context=L&amp;vid=FUB&amp;search_scope=FUBkat&amp;tab=fub_local&amp;lang=de_DE\"><em>Hain: Gel\u00e4nderoman <\/em><\/a>von Esther Kinsky (Belletristik), <em>Das sowjetische Jahrhundert<\/em> von Karl Schl\u00f6gel (Sachbuch\/Essayistik, <a href=\"https:\/\/fu-berlin.hosted.exlibrisgroup.com\/primo-explore\/fulldisplay?docid=FUB_ALMA_DS21982085630002883&amp;context=L&amp;vid=FUB&amp;search_scope=FUBkat&amp;tab=fub_local&amp;lang=de_DE\">gedruckt<\/a> und als <a href=\"https:\/\/elibrary.chbeck.de\/10.17104\/9783406715129\/\">E-Book<\/a> verf\u00fcgbar) sowie der deutschen \u00dcbersetzung von Serhij Zhadans Roman <a href=\"https:\/\/fu-berlin.hosted.exlibrisgroup.com\/primo-explore\/fulldisplay?docid=FUB_ALMA_DS21991965810002883&amp;context=L&amp;vid=FUB&amp;search_scope=FUB_Blended_2&amp;tab=fub&amp;lang=de_DE\"><em>Internat <\/em><\/a>durch Sabine St\u00f6hr und Juri Durkot wurde letztes Wochenende auch ein etwas kurioser Preis vergeben. Zum f\u00fcnften Mal nach 2014 wurde der Preistr\u00e4ger des <a href=\"http:\/\/wasliestdu.de\/magazin\/2018\/ungewoehnlichster-buchtitel-des-jahres-2017\">Ungew\u00f6hnlichsten Buchtitels des Jahres<\/a> gek\u00fcrt. War im vergangenen Jahr noch <em>Hinfallen ist wie Anlehnen, nur sp\u00e4ter<\/em> des Poetry-Slammers Sebastian 23 (b\u00fcrgerlich Sebastian Rabsahl) siegreich, ging die Auszeichnung f\u00fcr das Jahr 2017 an Anna Basener. Die 34-j\u00e4hrige Autorin aus Essen konnte Jury und Publikum mit dem Titel <em>Als die Omma den Huren noch Taubensuppe kochte <\/em>\u00fcberzeugen.<\/p>\n<p>Der laut Verlag \u201etodkomische\u201c Roman spielt zwischen Essen und Berlin-Kreuzberg und stellt eine Gro\u00dfmutter und ihre Enkelin in den Mittelpunkt, die gezwungerma\u00dfen zusammenziehen m\u00fcssen und sich dadurch wieder ann\u00e4hern. Laut der Autorin habe das Buch eigentlich <em>Asche und Eierlik\u00f6r<\/em> hei\u00dfen sollen. Als der Lektor mit dem Titel unzufrieden war, fasste Basener spontan die ihrer Meinung nach kuriosesten W\u00f6rter aus dem Roman zu einem Satz zusammen.<\/p>\n<p>Der Wettbewerb wird j\u00e4hrlich von der Online-Buchcommunity <em>Was liest Du?<\/em> der Mayerschen Buchhandlung durchgef\u00fchrt und neben dem Online-Publikum von einer Fachjury mitvergeben. Dieser geh\u00f6rten 2018 u. a. die Journalisten und Autoren Katrin Bauerfeind, Jan Weiler sowie die Komikerin Cordula Stratmann an. Die komplette Shortlist mit zum Teil doch recht schl\u00fcpfrigen Titeln und dem Online-Voting-Ergebnis l\u00e4sst sich bei <a href=\"http:\/\/wasliestdu.de\/umfrage\/2018\/ungewoehnlichster-buchtitel-des-jahres-2017-shortlist\">wasliestdu.de<\/a> nachlesen. Dabei erf\u00e4hrt man, dass der Gewinnertitel beim Publikum nur auf Platz zwei lag. Einen Prozentpunkt mehr hatte das Sachbuch <em>Woher soll ich wissen, was ich denke, bevor ich h\u00f6re, was ich sage? <\/em>der Leipziger Hirnforscherin Franca Parianen erhalten. Frauenpower machte sich auch auf der Shortlist breit &#8211; von den zehn Titeln stammten insgesamt acht von Autorinnen.<\/p>\n","protected":false},"excerpt":{"rendered":"<p>Neben dem Preis der Leipziger Buchmesse an Hain: Gel\u00e4nderoman von Esther Kinsky (Belletristik), Das sowjetische Jahrhundert von Karl Schl\u00f6gel (Sachbuch\/Essayistik, gedruckt und als E-Book verf\u00fcgbar) sowie der deutschen \u00dcbersetzung von Serhij Zhadans Roman Internat durch Sabine St\u00f6hr und Juri Durkot wurde letztes Wochenende auch ein etwas kurioser Preis vergeben. Zum f\u00fcnften Mal nach 2014 wurde &hellip; <a href=\"https:\/\/blogs.fu-berlin.de\/bibliotheken\/2018\/03\/23\/ungewoehnlichster-buchtitel-des-jahres-ausgezeichnet\/\" class=\"more-link\"><span class=\"screen-reader-text\">\u201eUngew\u00f6hnlichster Buchtitel des Jahres ausgezeichnet\u201c<\/span> weiterlesen<\/a><\/p>\n","protected":false},"author":293,"featured_media":0,"comment_status":"open","ping_status":"open","sticky":false,"template":"","format":"standard","meta":{"footnotes":""},"categories":[9,604],"tags":[188012],"class_list":["post-22747","post","type-post","status-publish","format-standard","hentry","category-allgemein","category-ins-netz-geschaut","tag-ungewoehnlichster-buchtitel-des-jahres"],"_links":{"self":[{"href":"https:\/\/blogs.fu-berlin.de\/bibliotheken\/wp-json\/wp\/v2\/posts\/22747","targetHints":{"allow":["GET"]}}],"collection":[{"href":"https:\/\/blogs.fu-berlin.de\/bibliotheken\/wp-json\/wp\/v2\/posts"}],"about":[{"href":"https:\/\/blogs.fu-berlin.de\/bibliotheken\/wp-json\/wp\/v2\/types\/post"}],"author":[{"embeddable":true,"href":"https:\/\/blogs.fu-berlin.de\/bibliotheken\/wp-json\/wp\/v2\/users\/293"}],"replies":[{"embeddable":true,"href":"https:\/\/blogs.fu-berlin.de\/bibliotheken\/wp-json\/wp\/v2\/comments?post=22747"}],"version-history":[{"count":7,"href":"https:\/\/blogs.fu-berlin.de\/bibliotheken\/wp-json\/wp\/v2\/posts\/22747\/revisions"}],"predecessor-version":[{"id":22772,"href":"https:\/\/blogs.fu-berlin.de\/bibliotheken\/wp-json\/wp\/v2\/posts\/22747\/revisions\/22772"}],"wp:attachment":[{"href":"https:\/\/blogs.fu-berlin.de\/bibliotheken\/wp-json\/wp\/v2\/media?parent=22747"}],"wp:term":[{"taxonomy":"category","embeddable":true,"href":"https:\/\/blogs.fu-berlin.de\/bibliotheken\/wp-json\/wp\/v2\/categories?post=22747"},{"taxonomy":"post_tag","embeddable":true,"href":"https:\/\/blogs.fu-berlin.de\/bibliotheken\/wp-json\/wp\/v2\/tags?post=22747"}],"curies":[{"name":"wp","href":"https:\/\/api.w.org\/{rel}","templated":true}]}}