{"id":22794,"date":"2018-04-04T10:28:13","date_gmt":"2018-04-04T09:28:13","guid":{"rendered":"https:\/\/blogs.fu-berlin.de\/bibliotheken\/?p=22794"},"modified":"2018-04-04T11:24:50","modified_gmt":"2018-04-04T10:24:50","slug":"fuenf-tapfere-bibliotheken","status":"publish","type":"post","link":"https:\/\/blogs.fu-berlin.de\/bibliotheken\/2018\/04\/04\/fuenf-tapfere-bibliotheken\/","title":{"rendered":"F\u00fcnf tapfere Bibliotheken"},"content":{"rendered":"<p>Obwohl der von der UNESCO ausgerufene <a href=\"https:\/\/www.unesco.de\/kultur\/welttage\/welttag-buch.html\">Welttag des Buches<\/a> (und des Urheberrechts) erst am 23. April stattfindet, wird im Vereinigten K\u00f6nigreich der \u201eWorld Book Day\u201c traditionell bereits am ersten Donnerstag im M\u00e4rz zelebriert. Aus diesem Anlass portr\u00e4tierte der Guardian <a href=\"https:\/\/www.theguardian.com\/books\/booksblog\/2018\/mar\/01\/world-book-day-five-libraries-around-the-world-that-are-open-despite-the-odds\">in einem kurzen Artikel<\/a> f\u00fcnf Bibliotheken in \u00c4gypten, Afghanistan, Dominica, im Irak sowie Somalia. Trotz Todesdrohungen, extremen Wetterbedingungen oder anhaltenden Terrorismus halten die dortigen Mitarbeiter den Betrieb aufrecht. Respekt!<\/p>\n","protected":false},"excerpt":{"rendered":"<p>Obwohl der von der UNESCO ausgerufene Welttag des Buches (und des Urheberrechts) erst am 23. April stattfindet, wird im Vereinigten K\u00f6nigreich der \u201eWorld Book Day\u201c traditionell bereits am ersten Donnerstag im M\u00e4rz zelebriert. Aus diesem Anlass portr\u00e4tierte der Guardian in einem kurzen Artikel f\u00fcnf Bibliotheken in \u00c4gypten, Afghanistan, Dominica, im Irak sowie Somalia. Trotz Todesdrohungen, &hellip; <a href=\"https:\/\/blogs.fu-berlin.de\/bibliotheken\/2018\/04\/04\/fuenf-tapfere-bibliotheken\/\" class=\"more-link\"><span class=\"screen-reader-text\">\u201eF\u00fcnf tapfere Bibliotheken\u201c<\/span> weiterlesen<\/a><\/p>\n","protected":false},"author":293,"featured_media":0,"comment_status":"open","ping_status":"open","sticky":false,"template":"","format":"standard","meta":{"footnotes":""},"categories":[9,604],"tags":[56857,196760,57465,196761,56862,196762,196759],"class_list":["post-22794","post","type-post","status-publish","format-standard","hentry","category-allgemein","category-ins-netz-geschaut","tag-afghanistan","tag-aegypten","tag-bibliothekswesen","tag-dominica","tag-irak","tag-somalia","tag-world-book-day"],"_links":{"self":[{"href":"https:\/\/blogs.fu-berlin.de\/bibliotheken\/wp-json\/wp\/v2\/posts\/22794","targetHints":{"allow":["GET"]}}],"collection":[{"href":"https:\/\/blogs.fu-berlin.de\/bibliotheken\/wp-json\/wp\/v2\/posts"}],"about":[{"href":"https:\/\/blogs.fu-berlin.de\/bibliotheken\/wp-json\/wp\/v2\/types\/post"}],"author":[{"embeddable":true,"href":"https:\/\/blogs.fu-berlin.de\/bibliotheken\/wp-json\/wp\/v2\/users\/293"}],"replies":[{"embeddable":true,"href":"https:\/\/blogs.fu-berlin.de\/bibliotheken\/wp-json\/wp\/v2\/comments?post=22794"}],"version-history":[{"count":2,"href":"https:\/\/blogs.fu-berlin.de\/bibliotheken\/wp-json\/wp\/v2\/posts\/22794\/revisions"}],"predecessor-version":[{"id":22796,"href":"https:\/\/blogs.fu-berlin.de\/bibliotheken\/wp-json\/wp\/v2\/posts\/22794\/revisions\/22796"}],"wp:attachment":[{"href":"https:\/\/blogs.fu-berlin.de\/bibliotheken\/wp-json\/wp\/v2\/media?parent=22794"}],"wp:term":[{"taxonomy":"category","embeddable":true,"href":"https:\/\/blogs.fu-berlin.de\/bibliotheken\/wp-json\/wp\/v2\/categories?post=22794"},{"taxonomy":"post_tag","embeddable":true,"href":"https:\/\/blogs.fu-berlin.de\/bibliotheken\/wp-json\/wp\/v2\/tags?post=22794"}],"curies":[{"name":"wp","href":"https:\/\/api.w.org\/{rel}","templated":true}]}}