{"id":22841,"date":"2018-04-12T08:00:04","date_gmt":"2018-04-12T07:00:04","guid":{"rendered":"https:\/\/blogs.fu-berlin.de\/bibliotheken\/?p=22841"},"modified":"2021-09-14T10:32:03","modified_gmt":"2021-09-14T09:32:03","slug":"europaeischer-wettbewerb-fuer-soziale-innovation-2018","status":"publish","type":"post","link":"https:\/\/blogs.fu-berlin.de\/bibliotheken\/2018\/04\/12\/europaeischer-wettbewerb-fuer-soziale-innovation-2018\/","title":{"rendered":"Europ\u00e4ischer Wettbewerb f\u00fcr soziale Innovation 2018"},"content":{"rendered":"\n<p><em><span class=\"has-inline-color has-bright-red-color\">Der Betrieb des \u201eDokumentationszentrums UN \u2013 EU\u201c wird eingestellt. Die entsprechende Literatur bleibt im Bestand und ist weiterhin zug\u00e4nglich.<\/span><\/em><\/p>\n\n\n<p>In den letzten Jahren hat sich die Wirtschaft rasant ver\u00e4ndert. In einigen Regionen und Kommunen haben diese Ver\u00e4nderungen Wohlstand gebracht, in anderen k\u00e4mpfen die Menschen mit der Anpassung. Diejenigen, die umziehen k\u00f6nnen, um woanders Arbeit zu suchen, verlassen ihre Region. Neue Technologien und Arbeitsweisen haben jedoch das Potenzial, die Regionen wiederzubeleben. Innovative L\u00f6sungen k\u00f6nnen die Widerstandsf\u00e4higkeit der Gemeinden st\u00e4rken, auf ihre spezifischen Bed\u00fcrfnisse eingehen und nachhaltige wirtschaftliche Aktivit\u00e4ten und Besch\u00e4ftigungsm\u00f6glichkeiten schaffen. Junge Menschen m\u00fcssen einbezogen, engagiert und bef\u00e4higt werden, neue Chancen zu nutzen und die F\u00e4higkeiten und Fertigkeiten zur Gestaltung und F\u00fchrung der neuen Wirtschaft zu entwickeln.<\/p>\n<p>Der <a href=\"http:\/\/eusic.challenges.org\/\">Europ\u00e4ische Wettbewerb f\u00fcr soziale Innovation<\/a> ist ein F\u00f6rderpreis der Europ\u00e4ischen Kommission f\u00fcr alle assoziierten L\u00e4nder von <a href=\"http:\/\/www.horizont2020.de\/\">Horizont 2020<\/a>. Der Wettbewerb ruft dazu auf, L\u00f6sungen f\u00fcr die Probleme unserer Gesellschaft zu finden.<\/p>\n<p>Das Thema des diesj\u00e4hrigen Wettbewerbs lautet &#8222;Re:Think Local&#8220;. Die Organisatoren sagen, dass sie Ideen suchen, einschlie\u00dflich, aber nicht beschr\u00e4nkt auf:<\/p>\n<ul>\n<li>Initiativen, die neue Technologien und Arbeitsweisen nutzen, um den Jugendlichen in ihren Gemeinden Chancen zu bieten;<\/li>\n<li>Ideen, die gemeinsam mit jungen Menschen entwickelt wurden, um auf die Bed\u00fcrfnisse ihrer lokalen Gemeinschaft nach F\u00e4higkeiten, Erfahrungen und M\u00f6glichkeiten einzugehen;<\/li>\n<li>L\u00f6sungen zur Verbesserung der Lebensqualit\u00e4t und der finanziellen Sicherheit junger Menschen in unregelm\u00e4\u00dfigen Arbeitsverh\u00e4ltnissen;<\/li>\n<li>Innovationen, die jungen Menschen Informationen, Beratung und Orientierung bieten, damit sie sich in der Wirtschaft orientieren k\u00f6nnen;<\/li>\n<li>Programme, die die n\u00e4chste Generation von Arbeitnehmern mit F\u00e4higkeiten ausstatten, die es jungen Menschen erm\u00f6glichen, den technologischen Wandel zu nutzen.<\/li>\n<\/ul>\n<p>Besonders gef\u00f6rdert werden Ideen, die von jungen Menschen selbst geleitet werden. <strong>Einsendeschluss<\/strong> ist der <strong>27. April 2018<\/strong> MEZ. Der Wettbewerb ist offen f\u00fcr Einzelpersonen, Gruppen und Organisationen in der gesamten EU und in L\u00e4ndern, die am Programm Horizont 2020 teilnehmen.<\/p>\n<p>Noch mehr Informationen zur EU bekommen Sie in unserem <a href=\"https:\/\/www.ub.fu-berlin.de\/bibliothek\/uneu\/\">Dokumentationszentrum UN-EU<\/a>.<\/p>\n<p>&nbsp;<\/p>","protected":false},"excerpt":{"rendered":"<p>Der Betrieb des \u201eDokumentationszentrums UN \u2013 EU\u201c wird eingestellt. Die entsprechende Literatur bleibt im Bestand und ist weiterhin zug\u00e4nglich. In den letzten Jahren hat sich die Wirtschaft rasant ver\u00e4ndert. In einigen Regionen und Kommunen haben diese Ver\u00e4nderungen Wohlstand gebracht, in anderen k\u00e4mpfen die Menschen mit der Anpassung. Diejenigen, die umziehen k\u00f6nnen, um woanders Arbeit zu &hellip; <a href=\"https:\/\/blogs.fu-berlin.de\/bibliotheken\/2018\/04\/12\/europaeischer-wettbewerb-fuer-soziale-innovation-2018\/\" class=\"more-link\"><span class=\"screen-reader-text\">\u201eEurop\u00e4ischer Wettbewerb f\u00fcr soziale Innovation 2018\u201c<\/span> weiterlesen<\/a><\/p>\n","protected":false},"author":3230,"featured_media":0,"comment_status":"open","ping_status":"open","sticky":false,"template":"","format":"standard","meta":{"footnotes":""},"categories":[9],"tags":[2458,56945,1977,218326,46855],"class_list":["post-22841","post","type-post","status-publish","format-standard","hentry","category-allgemein","tag-dokumentationszentrum-un-eu","tag-europaeische-kommission","tag-europaische-union","tag-horizont-2020","tag-wettbewerb"],"_links":{"self":[{"href":"https:\/\/blogs.fu-berlin.de\/bibliotheken\/wp-json\/wp\/v2\/posts\/22841","targetHints":{"allow":["GET"]}}],"collection":[{"href":"https:\/\/blogs.fu-berlin.de\/bibliotheken\/wp-json\/wp\/v2\/posts"}],"about":[{"href":"https:\/\/blogs.fu-berlin.de\/bibliotheken\/wp-json\/wp\/v2\/types\/post"}],"author":[{"embeddable":true,"href":"https:\/\/blogs.fu-berlin.de\/bibliotheken\/wp-json\/wp\/v2\/users\/3230"}],"replies":[{"embeddable":true,"href":"https:\/\/blogs.fu-berlin.de\/bibliotheken\/wp-json\/wp\/v2\/comments?post=22841"}],"version-history":[{"count":3,"href":"https:\/\/blogs.fu-berlin.de\/bibliotheken\/wp-json\/wp\/v2\/posts\/22841\/revisions"}],"predecessor-version":[{"id":29342,"href":"https:\/\/blogs.fu-berlin.de\/bibliotheken\/wp-json\/wp\/v2\/posts\/22841\/revisions\/29342"}],"wp:attachment":[{"href":"https:\/\/blogs.fu-berlin.de\/bibliotheken\/wp-json\/wp\/v2\/media?parent=22841"}],"wp:term":[{"taxonomy":"category","embeddable":true,"href":"https:\/\/blogs.fu-berlin.de\/bibliotheken\/wp-json\/wp\/v2\/categories?post=22841"},{"taxonomy":"post_tag","embeddable":true,"href":"https:\/\/blogs.fu-berlin.de\/bibliotheken\/wp-json\/wp\/v2\/tags?post=22841"}],"curies":[{"name":"wp","href":"https:\/\/api.w.org\/{rel}","templated":true}]}}