{"id":22907,"date":"2018-06-05T08:25:17","date_gmt":"2018-06-05T07:25:17","guid":{"rendered":"https:\/\/blogs.fu-berlin.de\/bibliotheken\/?p=22907"},"modified":"2021-09-14T10:25:26","modified_gmt":"2021-09-14T09:25:26","slug":"09-juni-2018-lange-nacht-der-wissenschaften","status":"publish","type":"post","link":"https:\/\/blogs.fu-berlin.de\/bibliotheken\/2018\/06\/05\/09-juni-2018-lange-nacht-der-wissenschaften\/","title":{"rendered":"09. Juni 2018 &#8211; Lange Nacht der Wissenschaften"},"content":{"rendered":"\n<p><em><span class=\"has-inline-color has-bright-red-color\">Der Betrieb des \u201eDokumentationszentrums UN \u2013 EU\u201c wird eingestellt. Die entsprechende Literatur bleibt im Bestand und ist weiterhin zug\u00e4nglich.<\/span><\/em><\/p>\n\n\n<p>Das Dokumentationszentrum Vereinte Nationen \u2013 Europ\u00e4ische Union der Universit\u00e4tsbibliothek ist neben dem Otto-Suhr-Institut f\u00fcr Politikwissenschaft \/Arbeitsstelle f\u00fcr Europ\u00e4ische Integration (ASTEI), Mitorganisator zweier Veranstaltungen zur <a href=\"http:\/\/www.fu-berlin.de\/sites\/langenacht\/index.html\">Langen Nacht der Wissenschaften<\/a> in der <a href=\"http:\/\/www.fu-berlin.de\/sites\/campusbib\/\">Campusbibliothek<\/a> (Altbau, UG), Fabeckstra\u00dfe 23\/25 (Holzlaube):<\/p>\n<h2><strong>\u201e<\/strong><strong>Kritische Lekt\u00fcre: Die EU in der Fiktion.<\/strong><strong>\u201c<\/strong><\/h2>\n<p><strong>20.00 &#8211; 20.30 Uhr<\/strong> \u2013<strong> Interaktiver Vortrag: <\/strong>2017 wurde der Roman <em>Die Hauptstadt<\/em> mit dem Deutschen Buchpreis pr\u00e4miert, nicht zuletzt wegen des Schauplatzes Br\u00fcssel! Doch welches EU-Bild zeichnen literarische Werke? Studierende der FU betrachten kritisch ausgew\u00e4hlte Textsequenzen rund um das Motiv Europ\u00e4ische Union, stellen das dort skizzierte EU-Bild vor und ordnen es wissenschaftlich ein.<\/p>\n<h2><strong>\u201eWriting Europe into &#8230;? Die Rolle der Fiktion zwischen Aufkl\u00e4rung und Vorurteil\u201c<\/strong><\/h2>\n<p><strong>20.30 &#8211; 22.00 Uhr <\/strong>\u2013 <strong>Podiumsdiskussion<\/strong>: \u2026 Ruin? Elysium? Nirvana? Was darf Fiktion und was nicht? Inwieweit tragen fiktionale Darstellungen zur Aufkl\u00e4rung oder zur Bildung von Vorurteilen bei? Geladene G\u00e4ste aus Politik, Kultur und Wissenschaft leuchten das in der Fiktion gezeichnete Bild der EU in seinen verschiedenen Facetten aus und bewerten fachkundig die Rolle der sch\u00f6nen K\u00fcnste.<\/p>\n<p>G\u00e4ste:<\/p>\n<ul>\n<li><strong> Dr. Simon Koschut<\/strong>, Gastprofessor an der Arbeitsstelle Transnationale Beziehungen, Au\u00dfen- und Sicherheitspolitik, FU Berlin<\/li>\n<li><strong> Dr. Gernot Wolfram<\/strong>, Professor f\u00fcr Medienmanagement an der Macromedia Hochschule, Journalist, Schriftsteller und Mitglied des Team Europe der Europ\u00e4ischen Kommission<\/li>\n<li><strong>Susanne Schmitt<\/strong>, Leiterin Creative Europe Desk Berlin-Brandenburg (Europ\u00e4ische Kulturf\u00f6rderung)<\/li>\n<li><strong>Lajos Talamonti<\/strong>, freischaffender Autor, Regisseur und Performer, Urban Lies (u.a. Preenacting Europe und Neuropa Roulette)<\/li>\n<\/ul>\n<p>Moderation:<\/p>\n<ul>\n<li><strong>Uli Br\u00fcckner<\/strong> &#8211; Jean Monnet Professor for European Studies am Berliner Center der Stanford University<\/li>\n<\/ul>\n<p>Die Veranstaltungen sind nicht kostenfrei &#8211; siehe <a href=\"https:\/\/www.fu-berlin.de\/sites\/langenacht\/infos\/tickets\/index.html\">Ticketinfos<\/a>.<\/p>\n<p>Noch mehr Informationen zur EU bekommen Sie in unserem <a href=\"https:\/\/www.ub.fu-berlin.de\/bibliothek\/uneu\/\">Dokumentationszentrum UN-EU<\/a>.<\/p>","protected":false},"excerpt":{"rendered":"<p>Der Betrieb des \u201eDokumentationszentrums UN \u2013 EU\u201c wird eingestellt. Die entsprechende Literatur bleibt im Bestand und ist weiterhin zug\u00e4nglich. Das Dokumentationszentrum Vereinte Nationen \u2013 Europ\u00e4ische Union der Universit\u00e4tsbibliothek ist neben dem Otto-Suhr-Institut f\u00fcr Politikwissenschaft \/Arbeitsstelle f\u00fcr Europ\u00e4ische Integration (ASTEI), Mitorganisator zweier Veranstaltungen zur Langen Nacht der Wissenschaften in der Campusbibliothek (Altbau, UG), Fabeckstra\u00dfe 23\/25 (Holzlaube): &hellip; <a href=\"https:\/\/blogs.fu-berlin.de\/bibliotheken\/2018\/06\/05\/09-juni-2018-lange-nacht-der-wissenschaften\/\" class=\"more-link\"><span class=\"screen-reader-text\">\u201e09. Juni 2018 &#8211; Lange Nacht der Wissenschaften\u201c<\/span> weiterlesen<\/a><\/p>\n","protected":false},"author":2907,"featured_media":0,"comment_status":"open","ping_status":"open","sticky":false,"template":"","format":"standard","meta":{"footnotes":""},"categories":[70],"tags":[218340,218339,218338,2460,218341],"class_list":["post-22907","post","type-post","status-publish","format-standard","hentry","category-veranstaltungen","tag-die-eu-in-der-fiktion","tag-interaktiver-vortrag","tag-lange-nacht-der-wissenschaften-2018","tag-podiumsdiskussion","tag-writing-europe-into"],"_links":{"self":[{"href":"https:\/\/blogs.fu-berlin.de\/bibliotheken\/wp-json\/wp\/v2\/posts\/22907","targetHints":{"allow":["GET"]}}],"collection":[{"href":"https:\/\/blogs.fu-berlin.de\/bibliotheken\/wp-json\/wp\/v2\/posts"}],"about":[{"href":"https:\/\/blogs.fu-berlin.de\/bibliotheken\/wp-json\/wp\/v2\/types\/post"}],"author":[{"embeddable":true,"href":"https:\/\/blogs.fu-berlin.de\/bibliotheken\/wp-json\/wp\/v2\/users\/2907"}],"replies":[{"embeddable":true,"href":"https:\/\/blogs.fu-berlin.de\/bibliotheken\/wp-json\/wp\/v2\/comments?post=22907"}],"version-history":[{"count":10,"href":"https:\/\/blogs.fu-berlin.de\/bibliotheken\/wp-json\/wp\/v2\/posts\/22907\/revisions"}],"predecessor-version":[{"id":29316,"href":"https:\/\/blogs.fu-berlin.de\/bibliotheken\/wp-json\/wp\/v2\/posts\/22907\/revisions\/29316"}],"wp:attachment":[{"href":"https:\/\/blogs.fu-berlin.de\/bibliotheken\/wp-json\/wp\/v2\/media?parent=22907"}],"wp:term":[{"taxonomy":"category","embeddable":true,"href":"https:\/\/blogs.fu-berlin.de\/bibliotheken\/wp-json\/wp\/v2\/categories?post=22907"},{"taxonomy":"post_tag","embeddable":true,"href":"https:\/\/blogs.fu-berlin.de\/bibliotheken\/wp-json\/wp\/v2\/tags?post=22907"}],"curies":[{"name":"wp","href":"https:\/\/api.w.org\/{rel}","templated":true}]}}